{"id":982,"date":"2013-10-01T11:43:50","date_gmt":"2013-10-01T09:43:50","guid":{"rendered":"http:\/\/www.gerngesehen.de\/?p=982"},"modified":"2020-07-22T20:28:29","modified_gmt":"2020-07-22T18:28:29","slug":"vs-peter-behrendsen-2","status":"publish","type":"post","link":"https:\/\/www.gerngesehen.de\/?p=982","title":{"rendered":"VS: Peter Behrendsen"},"content":{"rendered":"<blockquote><p>Gespr\u00e4ch<strong><br \/>\n<\/strong><strong>20. O<\/strong><strong>ktober 2013<br \/>\n<\/strong><strong> <\/strong>Sonntag \u2013 16 h<br \/>\nK\u00f6ln \/ Friedenskirche<br \/>\nWallstr. 70<\/p><\/blockquote>\n<p><!--more--><\/p>\n<p><strong><img title=\"Weiterlesen...\" src=\"..\/wp-includes\/js\/tinymce\/plugins\/wordpress\/img\/trans.gif\" alt=\"\" \/><br \/>\n<img title=\"Weiterlesen...\" src=\"..\/wp-includes\/js\/tinymce\/plugins\/wordpress\/img\/trans.gif\" alt=\"\" \/><img title=\"Weiterlesen...\" src=\"..\/wp-includes\/js\/tinymce\/plugins\/wordpress\/img\/trans.gif\" alt=\"\" \/><img title=\"Weiterlesen...\" src=\"..\/wp-includes\/js\/tinymce\/plugins\/wordpress\/img\/trans.gif\" alt=\"\" \/><\/strong><\/p>\n<p>Eintritt frei<\/p>\n<p>Peter Behrendsen im K\u00fcnstlergespr\u00e4ch \u00fcber seine aktuelle Installation (Windk\u00f6rper) sowie \u00fcber seine Arbeit als Musiker, K\u00fcnstler und Produzent von radiophoner Kunst.<\/p>\n<p>Moderation: Daniel Mennicken, Gesch\u00e4ftsf\u00fchrer ON &#8211; Neue Musik K\u00f6ln.<\/p>\n<p><strong><br \/>\nPeter Behrendsen<\/strong> ( geb. 1943) H\u00f6rfunkregisseur und -autor, Performer\/Interpret alter und neuer Kompositionen der experimentellen Live-Elektronik<\/p>\n<p><em>VISUAL SOUNDS K\u00d6LN-M\u00dcLHEIM wird veranstaltet im Rahmen von ON \u2013     Neue  Musik\/Plattform. Die Plattform f\u00fcr k\u00fcnstlerische Produktion  werden     gef\u00f6rdert durch das Ministerium f\u00fcr Familie, Kinder, Jugend,  Kultur    und  Sport des Landes Nordrhein-Westfalen und durch die Stadt  K\u00f6ln.<\/em><\/p>\n","protected":false},"excerpt":{"rendered":"<p>Gespr\u00e4ch 20. Oktober 2013 Sonntag \u2013 16 h K\u00f6ln \/ Friedenskirche Wallstr. 70<\/p>\n","protected":false},"author":1,"featured_media":0,"comment_status":"closed","ping_status":"closed","sticky":false,"template":"","format":"standard","meta":[],"categories":[109,65],"tags":[],"_links":{"self":[{"href":"https:\/\/www.gerngesehen.de\/index.php?rest_route=\/wp\/v2\/posts\/982"}],"collection":[{"href":"https:\/\/www.gerngesehen.de\/index.php?rest_route=\/wp\/v2\/posts"}],"about":[{"href":"https:\/\/www.gerngesehen.de\/index.php?rest_route=\/wp\/v2\/types\/post"}],"author":[{"embeddable":true,"href":"https:\/\/www.gerngesehen.de\/index.php?rest_route=\/wp\/v2\/users\/1"}],"replies":[{"embeddable":true,"href":"https:\/\/www.gerngesehen.de\/index.php?rest_route=%2Fwp%2Fv2%2Fcomments&post=982"}],"version-history":[{"count":4,"href":"https:\/\/www.gerngesehen.de\/index.php?rest_route=\/wp\/v2\/posts\/982\/revisions"}],"predecessor-version":[{"id":1064,"href":"https:\/\/www.gerngesehen.de\/index.php?rest_route=\/wp\/v2\/posts\/982\/revisions\/1064"}],"wp:attachment":[{"href":"https:\/\/www.gerngesehen.de\/index.php?rest_route=%2Fwp%2Fv2%2Fmedia&parent=982"}],"wp:term":[{"taxonomy":"category","embeddable":true,"href":"https:\/\/www.gerngesehen.de\/index.php?rest_route=%2Fwp%2Fv2%2Fcategories&post=982"},{"taxonomy":"post_tag","embeddable":true,"href":"https:\/\/www.gerngesehen.de\/index.php?rest_route=%2Fwp%2Fv2%2Ftags&post=982"}],"curies":[{"name":"wp","href":"https:\/\/api.w.org\/{rel}","templated":true}]}}