{"id":978,"date":"2013-10-01T12:45:15","date_gmt":"2013-10-01T10:45:15","guid":{"rendered":"http:\/\/www.gerngesehen.de\/?p=978"},"modified":"2020-07-22T20:28:48","modified_gmt":"2020-07-22T18:28:48","slug":"vs-ursula-scherrerjohn-duncan","status":"publish","type":"post","link":"https:\/\/www.gerngesehen.de\/?p=978","title":{"rendered":"VS: Ursula Scherrer\/John Duncan"},"content":{"rendered":"<blockquote><p>Konzert<strong><br \/>\n<\/strong><strong>26. O<\/strong><strong>ktober 2013<br \/>\n<\/strong><strong> <\/strong>Samstag \u2013 ab 23 h<br \/>\nK\u00f6ln \/ Friedenskirche<br \/>\nWallstr. 70<\/p><\/blockquote>\n<blockquote><p><strong>Narcomantic<br \/>\n<\/strong><\/p><\/blockquote>\n<p><strong><img title=\"Weiterlesen...\" src=\"..\/wp-includes\/js\/tinymce\/plugins\/wordpress\/img\/trans.gif\" alt=\"\" \/><br \/>\n<img title=\"Weiterlesen...\" src=\"..\/wp-includes\/js\/tinymce\/plugins\/wordpress\/img\/trans.gif\" alt=\"\" \/><img title=\"Weiterlesen...\" src=\"..\/wp-includes\/js\/tinymce\/plugins\/wordpress\/img\/trans.gif\" alt=\"\" \/><!--more--><\/strong><\/p>\n<p>Eintritt frei, um eine Spende wird gebeten<\/p>\n<p>Ursula Scherrer, Live-Video<br \/>\nJohn Duncan, Klangregie<\/p>\n<p>Acht Stunden nonstop Event bis morgens um 6 h<br \/>\nUrsula Scherrer und John Duncan begleiten das Publikum live durch die Nacht mit einer Konzert Videoreise. Narcomantic spielt mit dem Zustand, in dem sich Schlaflosigkeit, Hypnose und der Halbschlaf miteinander verschlingen, eine Performance f\u00fcr ein schlafendes, wachendes, tr\u00e4umendes und aufwachendes Publikum.<\/p>\n<p>Eine Anmeldung wird empfohlen, da es nur eine begrenzte Anzahl von Liegenfl\u00e4chen gibt.<br \/>\nBitte bringen Sie ihre Liegegelegenheit (klappbare Sonnenliege, Luftmatratze, Isomatte) und Decken oder Schlafs\u00e4cke mit. W\u00e4hrend des Konzerts k\u00f6nnen sie liegen, schlafen, herumgehen, raus und reingehen, sitzen einfach so wie es ihnen gef\u00e4llt. Infos unter: Georg Dietzler\u00a0 Telefon 0163.73 40 150 oder bei Frau von Scheven in der Hirsch-Apotheke, Buchheimerstr. 29<\/p>\n<p><img loading=\"lazy\" class=\"alignright size-full wp-image-979\" title=\"V_26_Okt_Narcomantic\" src=\"http:\/\/www.gerngesehen.de\/GG\/wp-content\/uploads\/2013\/10\/V_26_Okt_Narcomantic.jpg\" alt=\"V_26_Okt_Narcomantic\" width=\"400\" height=\"289\" srcset=\"https:\/\/www.gerngesehen.de\/GG\/wp-content\/uploads\/2013\/10\/V_26_Okt_Narcomantic.jpg 400w, https:\/\/www.gerngesehen.de\/GG\/wp-content\/uploads\/2013\/10\/V_26_Okt_Narcomantic-300x216.jpg 300w\" sizes=\"(max-width: 400px) 100vw, 400px\" \/><\/p>\n<p><em>VISUAL SOUNDS K\u00d6LN-M\u00dcLHEIM wird veranstaltet im Rahmen von ON \u2013    Neue  Musik\/Plattform. Die Plattform f\u00fcr k\u00fcnstlerische Produktion werden     gef\u00f6rdert durch das Ministerium f\u00fcr Familie, Kinder, Jugend, Kultur    und  Sport des Landes Nordrhein-Westfalen und durch die Stadt K\u00f6ln.<\/em><\/p>\n","protected":false},"excerpt":{"rendered":"<p>Konzert 26. Oktober 2013 Samstag \u2013 ab 23 h K\u00f6ln \/ Friedenskirche Wallstr. 70 Narcomantic<\/p>\n","protected":false},"author":1,"featured_media":0,"comment_status":"closed","ping_status":"closed","sticky":false,"template":"","format":"standard","meta":[],"categories":[109,65],"tags":[],"_links":{"self":[{"href":"https:\/\/www.gerngesehen.de\/index.php?rest_route=\/wp\/v2\/posts\/978"}],"collection":[{"href":"https:\/\/www.gerngesehen.de\/index.php?rest_route=\/wp\/v2\/posts"}],"about":[{"href":"https:\/\/www.gerngesehen.de\/index.php?rest_route=\/wp\/v2\/types\/post"}],"author":[{"embeddable":true,"href":"https:\/\/www.gerngesehen.de\/index.php?rest_route=\/wp\/v2\/users\/1"}],"replies":[{"embeddable":true,"href":"https:\/\/www.gerngesehen.de\/index.php?rest_route=%2Fwp%2Fv2%2Fcomments&post=978"}],"version-history":[{"count":4,"href":"https:\/\/www.gerngesehen.de\/index.php?rest_route=\/wp\/v2\/posts\/978\/revisions"}],"predecessor-version":[{"id":1065,"href":"https:\/\/www.gerngesehen.de\/index.php?rest_route=\/wp\/v2\/posts\/978\/revisions\/1065"}],"wp:attachment":[{"href":"https:\/\/www.gerngesehen.de\/index.php?rest_route=%2Fwp%2Fv2%2Fmedia&parent=978"}],"wp:term":[{"taxonomy":"category","embeddable":true,"href":"https:\/\/www.gerngesehen.de\/index.php?rest_route=%2Fwp%2Fv2%2Fcategories&post=978"},{"taxonomy":"post_tag","embeddable":true,"href":"https:\/\/www.gerngesehen.de\/index.php?rest_route=%2Fwp%2Fv2%2Ftags&post=978"}],"curies":[{"name":"wp","href":"https:\/\/api.w.org\/{rel}","templated":true}]}}