{"id":973,"date":"2013-10-01T10:17:15","date_gmt":"2013-10-01T08:17:15","guid":{"rendered":"http:\/\/www.gerngesehen.de\/?p=973"},"modified":"2020-07-22T20:28:16","modified_gmt":"2020-07-22T18:28:16","slug":"vs-cri-du-coeur","status":"publish","type":"post","link":"https:\/\/www.gerngesehen.de\/?p=973","title":{"rendered":"VS: cri du coeur"},"content":{"rendered":"<blockquote><p>Tanzperformance<strong><br \/>\n<\/strong><strong>17. O<\/strong><strong>ktober 2013<br \/>\n<\/strong><strong> <\/strong>Donnerstag \u2013 20:30 h<br \/>\n<strong> 18. Oktober 2013<br \/>\n<\/strong>Freitag \u2013 20:30 h<\/p>\n<p>K\u00f6ln \/ Lutherturm \/<br \/>\nRegentenstr. 42<\/p><\/blockquote>\n<blockquote><p><strong>nogonie<br \/>\n<\/strong>Ein Tanzst\u00fcck mit Video und Musik f\u00fcr einen sonst verschlossenen Ort<\/p><\/blockquote>\n<p><strong><img title=\"Weiterlesen...\" src=\"..\/wp-includes\/js\/tinymce\/plugins\/wordpress\/img\/trans.gif\" alt=\"\" \/><br \/>\n<img title=\"Weiterlesen...\" src=\"..\/wp-includes\/js\/tinymce\/plugins\/wordpress\/img\/trans.gif\" alt=\"\" \/><!--more--><\/strong><\/p>\n<p>Eintritt frei<\/p>\n<p>cri du coeur<br \/>\nFine Kwiatkowski: Choreographie, Tanz, Video<br \/>\nWillehad Grafenhorst: Komposition, Musik, Video, Programmierung<\/p>\n<p>Ein schmaler Pfad, jenseits der Begrenzungen liegen  abgesperrte  Gebiete, verschlossene R\u00e4ume, markiert durch reale oder  irreale Grenzen.  Der Bereich hinter den inneren Mauern ist das Gebiet  der Tr\u00e4ume,  W\u00fcnsche, Hoffnungen, der eigenen Vorstellungen. Der  tanzende K\u00f6rper  erobert sich den Raum, ver\u00e4ndert Bilder, wird selbst  zur  Projektionsfl\u00e4che.<\/p>\n<p>Lichtgitter strukturieren den Innenraum,  Videosequenzen  \u00fcberfluten Wandfl\u00e4chen, aus denen sie scheinbar  hervorkommen,  pulsierende Lichtstrahlen sprengen Spalten und Risse,  lenken die  Aufmerksamkeit auf geheimnisvolle Details der Architektur,  elektronische  und akustische Kl\u00e4nge bahnen sich leise und geheimnisvoll  Wege.<\/p>\n<p><img loading=\"lazy\" class=\"alignright size-full wp-image-974\" title=\"VS_17_Okt_nogonie\" src=\"http:\/\/www.gerngesehen.de\/GG\/wp-content\/uploads\/2013\/10\/VS_17_Okt_nogonie.jpg\" alt=\"VS_17_Okt_nogonie\" width=\"400\" height=\"225\" srcset=\"https:\/\/www.gerngesehen.de\/GG\/wp-content\/uploads\/2013\/10\/VS_17_Okt_nogonie.jpg 400w, https:\/\/www.gerngesehen.de\/GG\/wp-content\/uploads\/2013\/10\/VS_17_Okt_nogonie-300x168.jpg 300w\" sizes=\"(max-width: 400px) 100vw, 400px\" \/><\/p>\n<p><em>VISUAL SOUNDS K\u00d6LN-M\u00dcLHEIM wird veranstaltet im Rahmen von ON \u2013   Neue  Musik\/Plattform. Die Plattform f\u00fcr k\u00fcnstlerische Produktion werden    gef\u00f6rdert durch das Ministerium f\u00fcr Familie, Kinder, Jugend, Kultur   und  Sport des Landes Nordrhein-Westfalen und durch die Stadt K\u00f6ln.<\/em><\/p>\n","protected":false},"excerpt":{"rendered":"<p>Tanzperformance 17. Oktober 2013 Donnerstag \u2013 20:30 h 18. Oktober 2013 Freitag \u2013 20:30 h K\u00f6ln \/ Lutherturm \/ Regentenstr. 42 nogonie Ein Tanzst\u00fcck mit Video und Musik f\u00fcr einen sonst verschlossenen Ort<\/p>\n","protected":false},"author":1,"featured_media":0,"comment_status":"closed","ping_status":"closed","sticky":false,"template":"","format":"standard","meta":[],"categories":[109,65],"tags":[],"_links":{"self":[{"href":"https:\/\/www.gerngesehen.de\/index.php?rest_route=\/wp\/v2\/posts\/973"}],"collection":[{"href":"https:\/\/www.gerngesehen.de\/index.php?rest_route=\/wp\/v2\/posts"}],"about":[{"href":"https:\/\/www.gerngesehen.de\/index.php?rest_route=\/wp\/v2\/types\/post"}],"author":[{"embeddable":true,"href":"https:\/\/www.gerngesehen.de\/index.php?rest_route=\/wp\/v2\/users\/1"}],"replies":[{"embeddable":true,"href":"https:\/\/www.gerngesehen.de\/index.php?rest_route=%2Fwp%2Fv2%2Fcomments&post=973"}],"version-history":[{"count":4,"href":"https:\/\/www.gerngesehen.de\/index.php?rest_route=\/wp\/v2\/posts\/973\/revisions"}],"predecessor-version":[{"id":976,"href":"https:\/\/www.gerngesehen.de\/index.php?rest_route=\/wp\/v2\/posts\/973\/revisions\/976"}],"wp:attachment":[{"href":"https:\/\/www.gerngesehen.de\/index.php?rest_route=%2Fwp%2Fv2%2Fmedia&parent=973"}],"wp:term":[{"taxonomy":"category","embeddable":true,"href":"https:\/\/www.gerngesehen.de\/index.php?rest_route=%2Fwp%2Fv2%2Fcategories&post=973"},{"taxonomy":"post_tag","embeddable":true,"href":"https:\/\/www.gerngesehen.de\/index.php?rest_route=%2Fwp%2Fv2%2Ftags&post=973"}],"curies":[{"name":"wp","href":"https:\/\/api.w.org\/{rel}","templated":true}]}}