{"id":958,"date":"2013-09-26T10:02:07","date_gmt":"2013-09-26T08:02:07","guid":{"rendered":"http:\/\/www.gerngesehen.de\/?p=958"},"modified":"2020-07-22T20:28:05","modified_gmt":"2020-07-22T18:28:05","slug":"vs-peter-behrendsen","status":"publish","type":"post","link":"https:\/\/www.gerngesehen.de\/?p=958","title":{"rendered":"VS: Peter Behrendsen"},"content":{"rendered":"<blockquote><p>Installationen<strong><br \/>\n3.-27. O<\/strong><strong>ktober 2013<br \/>\n<\/strong>Donnerstag \u2013 18 h<br \/>\nK\u00f6ln \/ Friedenskirche \/<br \/>\nWallstr. 70<\/p><\/blockquote>\n<blockquote><p><strong>Windk\u00f6rper<\/strong><\/p><\/blockquote>\n<p><strong><!--more--><br \/>\n<img title=\"Weiterlesen...\" src=\"..\/wp-includes\/js\/tinymce\/plugins\/wordpress\/img\/trans.gif\" alt=\"\" \/><\/strong><\/p>\n<p><img title=\"Weiterlesen...\" src=\"..\/wp-includes\/js\/tinymce\/plugins\/wordpress\/img\/trans.gif\" alt=\"\" \/>Eintritt frei<\/p>\n<p>ge\u00f6ffnet bis 27. Oktober 2013<br \/>\nSa\/So 17-20 h und nach Vereinbarung.<br \/>\nWochenende 5.\/6.10.2013 leider geschlossen.<\/p>\n<p>Eine Paraphrase \u00fcber den Wind, in der Windkl\u00e4nge nicht vorkommen, das geschriebene und gesprochene Wort Wind ist alleiniges Material \u2013 keine Vertonung sondern eine Art konkreter Klang-Schrift-Poesie, 4kanalige, sprachbasierte Lautsprecher Installation mit Videoprojektionen. Sie werden gesprochen von Bettina Wenzel und Peter Behrendsen.<\/p>\n<p><strong>Peter Behrendsen<\/strong>, K\u00f6ln<\/p>\n<p><img loading=\"lazy\" class=\"alignright size-full wp-image-959\" title=\"VS__windk\u00f6rner_Peter\" src=\"http:\/\/www.gerngesehen.de\/GG\/wp-content\/uploads\/2013\/09\/VS__windk\u00f6rner_Peter.jpg\" alt=\"VS__windk\u00f6rner_Peter\" width=\"400\" height=\"300\" srcset=\"https:\/\/www.gerngesehen.de\/GG\/wp-content\/uploads\/2013\/09\/VS__windk\u00f6rner_Peter.jpg 400w, https:\/\/www.gerngesehen.de\/GG\/wp-content\/uploads\/2013\/09\/VS__windk\u00f6rner_Peter-300x225.jpg 300w\" sizes=\"(max-width: 400px) 100vw, 400px\" \/><br \/>\n<em>Visuelle Realisation: Matthias Neuenhofer \/\/\u00a0 Dank an Volker Hennes und hans w. koch<\/em><\/p>\n<p><em>VISUAL SOUNDS K\u00d6LN-M\u00dcLHEIM wird veranstaltet im Rahmen von ON \u2013  Neue  Musik\/Plattform. Die Plattform f\u00fcr k\u00fcnstlerische Produktion werden   gef\u00f6rdert durch das Ministerium f\u00fcr Familie, Kinder, Jugend, Kultur  und  Sport des Landes Nordrhein-Westfalen und durch die Stadt K\u00f6ln.<\/em><\/p>\n","protected":false},"excerpt":{"rendered":"<p>Installationen 3.-27. Oktober 2013 Donnerstag \u2013 18 h K\u00f6ln \/ Friedenskirche \/ Wallstr. 70 Windk\u00f6rper<\/p>\n","protected":false},"author":1,"featured_media":0,"comment_status":"closed","ping_status":"closed","sticky":false,"template":"","format":"standard","meta":[],"categories":[109,65],"tags":[],"_links":{"self":[{"href":"https:\/\/www.gerngesehen.de\/index.php?rest_route=\/wp\/v2\/posts\/958"}],"collection":[{"href":"https:\/\/www.gerngesehen.de\/index.php?rest_route=\/wp\/v2\/posts"}],"about":[{"href":"https:\/\/www.gerngesehen.de\/index.php?rest_route=\/wp\/v2\/types\/post"}],"author":[{"embeddable":true,"href":"https:\/\/www.gerngesehen.de\/index.php?rest_route=\/wp\/v2\/users\/1"}],"replies":[{"embeddable":true,"href":"https:\/\/www.gerngesehen.de\/index.php?rest_route=%2Fwp%2Fv2%2Fcomments&post=958"}],"version-history":[{"count":6,"href":"https:\/\/www.gerngesehen.de\/index.php?rest_route=\/wp\/v2\/posts\/958\/revisions"}],"predecessor-version":[{"id":2117,"href":"https:\/\/www.gerngesehen.de\/index.php?rest_route=\/wp\/v2\/posts\/958\/revisions\/2117"}],"wp:attachment":[{"href":"https:\/\/www.gerngesehen.de\/index.php?rest_route=%2Fwp%2Fv2%2Fmedia&parent=958"}],"wp:term":[{"taxonomy":"category","embeddable":true,"href":"https:\/\/www.gerngesehen.de\/index.php?rest_route=%2Fwp%2Fv2%2Fcategories&post=958"},{"taxonomy":"post_tag","embeddable":true,"href":"https:\/\/www.gerngesehen.de\/index.php?rest_route=%2Fwp%2Fv2%2Ftags&post=958"}],"curies":[{"name":"wp","href":"https:\/\/api.w.org\/{rel}","templated":true}]}}