{"id":939,"date":"2013-09-23T17:27:20","date_gmt":"2013-09-23T15:27:20","guid":{"rendered":"http:\/\/www.gerngesehen.de\/?p=939"},"modified":"2020-07-22T20:27:37","modified_gmt":"2020-07-22T18:27:37","slug":"vs-echo-hoandreas-oskar-hirsch","status":"publish","type":"post","link":"https:\/\/www.gerngesehen.de\/?p=939","title":{"rendered":"VS: Echo Ho\/Andreas Oskar Hirsch"},"content":{"rendered":"<blockquote><p>Konzertperformance<strong><br \/>\n29. September 2013<br \/>\n<\/strong>Sonntag \/ 12:15 h<br \/>\nK\u00f6ln \/ Rheinpromenade M\u00fclheim \/<br \/>\nZwischen &#8222;Peter-Petersen-Schule&#8220; und &#8222;AWO Garten August Bebel Haus&#8220;, Krahnenstr 1<\/p><\/blockquote>\n<blockquote><p><strong>Stilles H\u00f6rst\u00fcck f\u00fcr Landschaften<\/strong><\/p><\/blockquote>\n<p><strong><!--more--><br \/>\n<img title=\"Weiterlesen...\" src=\"..\/wp-includes\/js\/tinymce\/plugins\/wordpress\/img\/trans.gif\" alt=\"\" \/><img title=\"Weiterlesen...\" src=\"..\/wp-includes\/js\/tinymce\/plugins\/wordpress\/img\/trans.gif\" alt=\"\" \/><\/strong><\/p>\n<p><img title=\"Weiterlesen...\" src=\"..\/wp-includes\/js\/tinymce\/plugins\/wordpress\/img\/trans.gif\" alt=\"\" \/>Eintritt frei<br \/>\nBei Wind und Wetter<\/p>\n<p><strong><br \/>\n<\/strong><\/p>\n<p><strong>Stilles H\u00f6rst\u00fcck f\u00fcr Landschaften<\/strong><br \/>\nDie grafische Partitur auf einer Fahne zu Klangnotizen in K\u00f6ln-M\u00fclheim wird gespielt von Echo Ho und Andreas Oskar Hirsch, der diese Musik elektro-botanische Klanglandschaft nennt. Ein nicht-stilles Konzert musikalischer Kontrapunkte, das alles zusammen wird Nischen und R\u00e4ume f\u00fcllen. Umweltger\u00e4usche spielen mit, die vorbeituckernde Schiffe, zwitschernde V\u00f6gel, die ihren Gesang der Lautst\u00e4rke der Umwelt anpassen, bei Wind werden auch die Laubb\u00e4ume klingend mitschwingen, Tonschwingungen reflektieren, wie in einem gem\u00fctlichen Ping-Pong Spiel.<\/p>\n<p>Echo Ho, Slow-Qin, Computer, Feldaufnahmen\/field-recordings aus K\u00f6ln-M\u00fclheim.<br \/>\nAndreas Oskar Hirsch, E-Wedel (Elektrischer Palmwedel) Vertrocknetes Dattelpalmblatt, Kontaktmikrofone, Gummib\u00e4nder, Carbonst\u00e4be, Holzperlen und andere erfundene Instrumente, per Morsecode verschl\u00fcsselte Textfragmente &amp; Nachrichten.<\/p>\n<p><img loading=\"lazy\" class=\"alignright size-full wp-image-943\" title=\"VS_29_Sep_flag-mini\" src=\"http:\/\/www.gerngesehen.de\/GG\/wp-content\/uploads\/2013\/09\/VS_29_Sep_flag-mini.gif\" alt=\"VS_29_Sep_flag-mini\" width=\"400\" height=\"300\" srcset=\"https:\/\/www.gerngesehen.de\/GG\/wp-content\/uploads\/2013\/09\/VS_29_Sep_flag-mini.gif 400w, https:\/\/www.gerngesehen.de\/GG\/wp-content\/uploads\/2013\/09\/VS_29_Sep_flag-mini-300x225.gif 300w\" sizes=\"(max-width: 400px) 100vw, 400px\" \/><\/p>\n<p><strong>Echo Ho<\/strong>, K\u00f6ln\/Beijing<a href=\"http:\/\/www.achimmohne.de\/\" target=\"_blank\" rel=\"noopener noreferrer\"><br \/>\n<\/a><a href=\"http:\/\/www.echoho.net\/\" target=\"_blank\" rel=\"noopener noreferrer\">www.echoho.net<\/a><\/p>\n<p><strong>Andreas Oskar Hirsch<\/strong>, K\u00f6ln<br \/>\n<a href=\"http:\/\/www.HirschOnHirsch.com\" target=\"_blank\" rel=\"noopener noreferrer\">www.HirschOnHirsch.com<\/a><\/p>\n<p><em>VISUAL SOUNDS K\u00d6LN-M\u00dcLHEIM wird veranstaltet im Rahmen von ON \u2013 Neue   Musik\/Plattform. Die Plattform f\u00fcr k\u00fcnstlerische Produktion werden   gef\u00f6rdert durch das Ministerium f\u00fcr Familie, Kinder, Jugend, Kultur und   Sport des Landes Nordrhein-Westfalen und durch die Stadt K\u00f6ln.<\/em><\/p>\n","protected":false},"excerpt":{"rendered":"<p>Konzertperformance 29. September 2013 Sonntag \/ 12:15 h K\u00f6ln \/ Rheinpromenade M\u00fclheim \/ Zwischen &#8222;Peter-Petersen-Schule&#8220; und &#8222;AWO Garten August Bebel Haus&#8220;, Krahnenstr 1 Stilles H\u00f6rst\u00fcck f\u00fcr Landschaften<\/p>\n","protected":false},"author":1,"featured_media":0,"comment_status":"closed","ping_status":"closed","sticky":false,"template":"","format":"standard","meta":[],"categories":[109,65],"tags":[],"_links":{"self":[{"href":"https:\/\/www.gerngesehen.de\/index.php?rest_route=\/wp\/v2\/posts\/939"}],"collection":[{"href":"https:\/\/www.gerngesehen.de\/index.php?rest_route=\/wp\/v2\/posts"}],"about":[{"href":"https:\/\/www.gerngesehen.de\/index.php?rest_route=\/wp\/v2\/types\/post"}],"author":[{"embeddable":true,"href":"https:\/\/www.gerngesehen.de\/index.php?rest_route=\/wp\/v2\/users\/1"}],"replies":[{"embeddable":true,"href":"https:\/\/www.gerngesehen.de\/index.php?rest_route=%2Fwp%2Fv2%2Fcomments&post=939"}],"version-history":[{"count":5,"href":"https:\/\/www.gerngesehen.de\/index.php?rest_route=\/wp\/v2\/posts\/939\/revisions"}],"predecessor-version":[{"id":941,"href":"https:\/\/www.gerngesehen.de\/index.php?rest_route=\/wp\/v2\/posts\/939\/revisions\/941"}],"wp:attachment":[{"href":"https:\/\/www.gerngesehen.de\/index.php?rest_route=%2Fwp%2Fv2%2Fmedia&parent=939"}],"wp:term":[{"taxonomy":"category","embeddable":true,"href":"https:\/\/www.gerngesehen.de\/index.php?rest_route=%2Fwp%2Fv2%2Fcategories&post=939"},{"taxonomy":"post_tag","embeddable":true,"href":"https:\/\/www.gerngesehen.de\/index.php?rest_route=%2Fwp%2Fv2%2Ftags&post=939"}],"curies":[{"name":"wp","href":"https:\/\/api.w.org\/{rel}","templated":true}]}}