{"id":936,"date":"2013-09-23T17:19:45","date_gmt":"2013-09-23T15:19:45","guid":{"rendered":"http:\/\/www.gerngesehen.de\/?p=936"},"modified":"2020-07-22T20:27:25","modified_gmt":"2020-07-22T18:27:25","slug":"vs-treffen-und-sprechen","status":"publish","type":"post","link":"https:\/\/www.gerngesehen.de\/?p=936","title":{"rendered":"VS: Treffen und Sprechen"},"content":{"rendered":"<blockquote><p>Gespr\u00e4ch<strong><br \/>\n28.\/29 September 2013<br \/>\n<\/strong>Samstag\/Sonntag jeweils 15\u201317 h<br \/>\nK\u00f6ln \/ Atelier Paulsen\/Becker,<br \/>\nTiefentalstr.14<\/p><\/blockquote>\n<p><!--more--><\/p>\n<p><strong><img title=\"Weiterlesen...\" src=\"..\/wp-includes\/js\/tinymce\/plugins\/wordpress\/img\/trans.gif\" alt=\"\" \/><br \/>\n<img title=\"Weiterlesen...\" src=\"..\/wp-includes\/js\/tinymce\/plugins\/wordpress\/img\/trans.gif\" alt=\"\" \/><\/strong><\/p>\n<p><img title=\"Weiterlesen...\" src=\"..\/wp-includes\/js\/tinymce\/plugins\/wordpress\/img\/trans.gif\" alt=\"\" \/>Eintritt frei<\/p>\n<p>Ihren Fragen stellt sich Georg Dietzler, Kurator (VISUAL SOUNDS)<\/p>\n<p><a href=\"http:\/\/www.joseantonioorts.com\/\" target=\"_blank\" rel=\"noopener noreferrer\"><br \/>\n<\/a><\/p>\n<p><em>VISUAL SOUNDS K\u00d6LN-M\u00dcLHEIM wird veranstaltet im Rahmen von ON \u2013  Neue Musik\/Plattform. Die Plattform f\u00fcr k\u00fcnstlerische Produktion werden  gef\u00f6rdert durch das Ministerium f\u00fcr Familie, Kinder, Jugend, Kultur und  Sport des Landes Nordrhein-Westfalen und durch die Stadt K\u00f6ln.<\/em><\/p>\n<p><strong><br \/>\n<\/strong><\/p>\n","protected":false},"excerpt":{"rendered":"<p>Gespr\u00e4ch 28.\/29 September 2013 Samstag\/Sonntag jeweils 15\u201317 h K\u00f6ln \/ Atelier Paulsen\/Becker, Tiefentalstr.14<\/p>\n","protected":false},"author":1,"featured_media":0,"comment_status":"closed","ping_status":"closed","sticky":false,"template":"","format":"standard","meta":[],"categories":[109,65],"tags":[],"_links":{"self":[{"href":"https:\/\/www.gerngesehen.de\/index.php?rest_route=\/wp\/v2\/posts\/936"}],"collection":[{"href":"https:\/\/www.gerngesehen.de\/index.php?rest_route=\/wp\/v2\/posts"}],"about":[{"href":"https:\/\/www.gerngesehen.de\/index.php?rest_route=\/wp\/v2\/types\/post"}],"author":[{"embeddable":true,"href":"https:\/\/www.gerngesehen.de\/index.php?rest_route=\/wp\/v2\/users\/1"}],"replies":[{"embeddable":true,"href":"https:\/\/www.gerngesehen.de\/index.php?rest_route=%2Fwp%2Fv2%2Fcomments&post=936"}],"version-history":[{"count":3,"href":"https:\/\/www.gerngesehen.de\/index.php?rest_route=\/wp\/v2\/posts\/936\/revisions"}],"predecessor-version":[{"id":2114,"href":"https:\/\/www.gerngesehen.de\/index.php?rest_route=\/wp\/v2\/posts\/936\/revisions\/2114"}],"wp:attachment":[{"href":"https:\/\/www.gerngesehen.de\/index.php?rest_route=%2Fwp%2Fv2%2Fmedia&parent=936"}],"wp:term":[{"taxonomy":"category","embeddable":true,"href":"https:\/\/www.gerngesehen.de\/index.php?rest_route=%2Fwp%2Fv2%2Fcategories&post=936"},{"taxonomy":"post_tag","embeddable":true,"href":"https:\/\/www.gerngesehen.de\/index.php?rest_route=%2Fwp%2Fv2%2Ftags&post=936"}],"curies":[{"name":"wp","href":"https:\/\/api.w.org\/{rel}","templated":true}]}}