{"id":86,"date":"2009-08-19T19:47:23","date_gmt":"2009-08-19T17:47:23","guid":{"rendered":"http:\/\/www.gerngesehen.de\/GG\/?p=86"},"modified":"2020-09-17T12:52:32","modified_gmt":"2020-09-17T10:52:32","slug":"interphasen-i-vii","status":"publish","type":"post","link":"https:\/\/www.gerngesehen.de\/?p=86","title":{"rendered":"Interphasen I-VII"},"content":{"rendered":"<p>Sonntag \u2013 20.30 h<br \/>\n13. November 2005<br \/>\ngalerie rachel haferkamp<br \/>\nEigelstein 112, K\u00f6ln<\/p>\n<p><em>korona\/\/experimental intermedia<\/em><br \/>\n<strong>Lucia MENSE<\/strong> [K\u00f6ln] Fl\u00f6ten<br \/>\n<strong>Tiziana BERTONCINI<\/strong> [K\u00f6ln] Violine<br \/>\n<strong>Bettina WENZEL<\/strong> [K\u00f6ln] Stimme<\/p>\n<p>Interphasen I-VII filigrane Komplexit\u00e4t auf ungew\u00f6hnliche Art mit extremen Stimmlagen, Fl\u00f6ten, Violine, Computer- und Aufnahmetechnik \u2013 live improvisatorisch komponiert.<\/p>\n<hr>\n<p><em>Veranstalter: freies rheinland e.V. c\/o Georg Dietzler gef\u00f6rdert von Stiftung NRW, Kuturamt K\u00f6ln, Deutscher Musikrat, Sk Stiftung Kultur. Dank an www.morgengrau.net<\/em><\/p>\n","protected":false},"excerpt":{"rendered":"<p>13. Nov. 2005<br \/>\nK\u00d6LN<\/p>\n","protected":false},"author":1,"featured_media":2205,"comment_status":"closed","ping_status":"closed","sticky":false,"template":"","format":"standard","meta":[],"categories":[24],"tags":[],"_links":{"self":[{"href":"https:\/\/www.gerngesehen.de\/index.php?rest_route=\/wp\/v2\/posts\/86"}],"collection":[{"href":"https:\/\/www.gerngesehen.de\/index.php?rest_route=\/wp\/v2\/posts"}],"about":[{"href":"https:\/\/www.gerngesehen.de\/index.php?rest_route=\/wp\/v2\/types\/post"}],"author":[{"embeddable":true,"href":"https:\/\/www.gerngesehen.de\/index.php?rest_route=\/wp\/v2\/users\/1"}],"replies":[{"embeddable":true,"href":"https:\/\/www.gerngesehen.de\/index.php?rest_route=%2Fwp%2Fv2%2Fcomments&post=86"}],"version-history":[{"count":6,"href":"https:\/\/www.gerngesehen.de\/index.php?rest_route=\/wp\/v2\/posts\/86\/revisions"}],"predecessor-version":[{"id":2345,"href":"https:\/\/www.gerngesehen.de\/index.php?rest_route=\/wp\/v2\/posts\/86\/revisions\/2345"}],"wp:featuredmedia":[{"embeddable":true,"href":"https:\/\/www.gerngesehen.de\/index.php?rest_route=\/wp\/v2\/media\/2205"}],"wp:attachment":[{"href":"https:\/\/www.gerngesehen.de\/index.php?rest_route=%2Fwp%2Fv2%2Fmedia&parent=86"}],"wp:term":[{"taxonomy":"category","embeddable":true,"href":"https:\/\/www.gerngesehen.de\/index.php?rest_route=%2Fwp%2Fv2%2Fcategories&post=86"},{"taxonomy":"post_tag","embeddable":true,"href":"https:\/\/www.gerngesehen.de\/index.php?rest_route=%2Fwp%2Fv2%2Ftags&post=86"}],"curies":[{"name":"wp","href":"https:\/\/api.w.org\/{rel}","templated":true}]}}