{"id":771,"date":"2012-10-10T17:30:41","date_gmt":"2012-10-10T15:30:41","guid":{"rendered":"http:\/\/www.gerngesehen.de\/?p=771"},"modified":"2020-07-22T20:19:50","modified_gmt":"2020-07-22T18:19:50","slug":"cri-du-coeur-2","status":"publish","type":"post","link":"https:\/\/www.gerngesehen.de\/?p=771","title":{"rendered":"cri du coeur"},"content":{"rendered":"<blockquote><p><strong>F\u00e4llt wegen Krankheit aus. Verschoben auf Mai\/Juni 2013.<\/strong><\/p>\n<p><span style=\"text-decoration: line-through;\">K\u00d6LN: <strong>20. Oktober 2012<\/strong><br \/>\nFussg\u00e4ngerunterf\u00fchrung Ebertplatz<br \/>\nSa \/ 20:30 h<\/span><\/p>\n<p><span style=\"text-decoration: line-through;\">NoGo &#8211; intermediale TanzPerformance\u00a0 \/ Videotanzmusikperformance f\u00fcr Ortssituationen<\/span><!--more--><\/p><\/blockquote>\n<p><strong>not heaven but sky <\/strong><br \/>\n2011<br \/>\nVideotanzfilm von cri du coeur &#8211; 2011 in Johannesburg gedreht, Erstauff\u00fchrung Deutscher Wettbewerb der 58. Internationalen Kurzfilmtage 2012 in Oberhausen<\/p>\n<p>cri du coeur geh\u00f6rt f\u00fcr mich zu den sehr konsequenten Vertretern, die Tanz mit den anderen K\u00fcnsten verbinden. Mit bildgewaltigen, fragilen, sehr konzentrierten, intensiven St\u00fccken nah am Leben, beziehen sie Stellung im Erleben von anderen L\u00e4ndern und Kulturen. Ihre St\u00fccke sind durchgehaltene, mitunter irritierende Sch\u00f6nheit bis ins Detail in Askese und Empfindsamkeit auch in pr\u00e4zisen ergreifenden Videoinstallationen und der dazu aufgef\u00fchrten Live-Musik. Fine Kwiatkowski intensiviert innere Zust\u00e4nde, manifestiert sie durch unverwechselbare Bewegungen im Raum, in der Abfolge bis hin zur Skulptur, indem sich ihr Tanz mit den Kl\u00e4ngen und Bildern verbindet, mit ihrer au\u00dfergew\u00f6hnlichen und hoch differenzierten K\u00f6rpersprache ber\u00fchrt sie\u00a0 Grenzen dessen, was durch Bewegung ausdr\u00fcckbar ist. Sie setzt alle Teile ihres K\u00f6rpers ein mit in Bewegung setzenden Verschraubungen, Windungen, Kr\u00fcmmungen, Drehungen.\u00a0 Sie tanzt gekr\u00fcmmt, schleichend, sich metamorphosisch in zahllose Wesen verwandelnd. Finger, manirierte, verquere Handbewegungen, F\u00fc\u00dfe, Kopf und geschmeidiger K\u00f6rper &#8230; Wieviel davon ist augenblickliche Improvisation, unmittelbare Eingebung &#8230; und was ist bei dieser au\u00dfergew\u00f6hnlichen K\u00fcnstlerpers\u00f6nlichkeit minuti\u00f6s ausgekl\u00fcgelte Choreographie?<\/p>\n<p><em>NoGo ist eine deutsch-polnische Koproduktion von mex, Dortmund www.mexappeal.de , freies rheinland c\/o Georg Dietzler, K\u00f6ln www.gerngesehen.de\u00a0\u00a0 und Avant Art Festival I Wroclaw, www.avantart.pl<br \/>\nIm Rahmen des Avant Art Festival<\/em><em>.<br \/>\nDas Gastspiel in K\u00f6ln wird gef\u00f6rdert vom Tanzreferat im Kulturamt der Stadt K\u00f6ln<\/em><\/p>\n<p><a href=\"http:\/\/www.zeitkunst.eu\/\"><br \/>\n<\/a><\/p>\n","protected":false},"excerpt":{"rendered":"<p>F\u00e4llt wegen Krankheit aus. Verschoben auf Mai\/Juni 2013. K\u00d6LN: 20. Oktober 2012 Fussg\u00e4ngerunterf\u00fchrung Ebertplatz Sa \/ 20:30 h NoGo &#8211; intermediale TanzPerformance\u00a0 \/ Videotanzmusikperformance f\u00fcr Ortssituationen<\/p>\n","protected":false},"author":1,"featured_media":0,"comment_status":"closed","ping_status":"closed","sticky":false,"template":"","format":"standard","meta":[],"categories":[100],"tags":[],"_links":{"self":[{"href":"https:\/\/www.gerngesehen.de\/index.php?rest_route=\/wp\/v2\/posts\/771"}],"collection":[{"href":"https:\/\/www.gerngesehen.de\/index.php?rest_route=\/wp\/v2\/posts"}],"about":[{"href":"https:\/\/www.gerngesehen.de\/index.php?rest_route=\/wp\/v2\/types\/post"}],"author":[{"embeddable":true,"href":"https:\/\/www.gerngesehen.de\/index.php?rest_route=\/wp\/v2\/users\/1"}],"replies":[{"embeddable":true,"href":"https:\/\/www.gerngesehen.de\/index.php?rest_route=%2Fwp%2Fv2%2Fcomments&post=771"}],"version-history":[{"count":4,"href":"https:\/\/www.gerngesehen.de\/index.php?rest_route=\/wp\/v2\/posts\/771\/revisions"}],"predecessor-version":[{"id":2090,"href":"https:\/\/www.gerngesehen.de\/index.php?rest_route=\/wp\/v2\/posts\/771\/revisions\/2090"}],"wp:attachment":[{"href":"https:\/\/www.gerngesehen.de\/index.php?rest_route=%2Fwp%2Fv2%2Fmedia&parent=771"}],"wp:term":[{"taxonomy":"category","embeddable":true,"href":"https:\/\/www.gerngesehen.de\/index.php?rest_route=%2Fwp%2Fv2%2Fcategories&post=771"},{"taxonomy":"post_tag","embeddable":true,"href":"https:\/\/www.gerngesehen.de\/index.php?rest_route=%2Fwp%2Fv2%2Ftags&post=771"}],"curies":[{"name":"wp","href":"https:\/\/api.w.org\/{rel}","templated":true}]}}