{"id":749,"date":"2012-10-05T11:40:58","date_gmt":"2012-10-05T09:40:58","guid":{"rendered":"http:\/\/www.gerngesehen.de\/?p=749"},"modified":"2020-07-22T20:18:51","modified_gmt":"2020-07-22T18:18:51","slug":"visual-sounds-6","status":"publish","type":"post","link":"https:\/\/www.gerngesehen.de\/?p=749","title":{"rendered":"VISUAL SOUNDS"},"content":{"rendered":"<blockquote><p>INSTALLATION<strong><br \/>\n14. Oktober 2012<\/strong> \/ Er\u00f6ffnung<br \/>\nK\u00d6LN: St. Peter\/Schn\u00fcttgen-Museum, C\u00e4cilienhof<br \/>\nSo\/15 h<br \/>\nEintritt frei<\/p>\n<p>Ausstellungsdauer\u00a0 bis 5. Dezember 2012<\/p><\/blockquote>\n<p>Klanginstallation<br \/>\n<strong>miki yui <\/strong><br \/>\nVokale I<\/p>\n<p><!--more--><\/p>\n<p><img title=\"Weiterlesen...\" src=\"..\/wp-includes\/js\/tinymce\/plugins\/wordpress\/img\/trans.gif\" alt=\"\" \/><\/p>\n<p>\u201eVon der Wahrnehmung leisester T\u00f6ne und Ger\u00e4usche aus entwickelt sie  Musikst\u00fccke und Klanginstallationen, die auf subtile Weise auf  Vorhandenes verweisen.\u201c \u00a0( Dr. Erich Franz )<\/p>\n<p>Vowels<\/p>\n<p>an accompaniment<br \/>\nto the surrounding sounds<\/p>\n<p>delicate sounds and voices play<br \/>\nwith the sounds in and around the garden.<\/p>\n<p>their form slowly dissolves with time<br \/>\ntransforms into new.<\/p>\n<p>it cycles<br \/>\nin light<br \/>\nin sound<br \/>\nin the body<br \/>\nin the air<\/p>\n<p>a, e, i, o, u\u2026.<\/p>\n<p>(miki yui 30. 08. 2012)<\/p>\n<p>Ihre Klangarbeiten small sounds f\u00fcr \u00f6ffentliche G\u00e4rten oder Architekturen sind zarte, leise und filigrane Klangst\u00fccke und \u2013installationen, die Orte sinnlich erlebbar machen. So fordern ihre sensiblen Arrangements stets einen aufmerksamen Betrachter und wirklich zuh\u00f6rende Zuh\u00f6rer um ihre ganze \u00c4sthetik zu entfalten. Sie laden ein zu verweilen, Zeit zu verbringen, Orte zu h\u00f6ren, \u00fcber den Ort und das H\u00f6ren nachzudenken.<\/p>\n<p>Die klanglichen und r\u00e4umlichen Interventionen der K\u00fcnstlerin ver\u00e4ndern und intensivieren die Wahrnehmung der urbanen R\u00e4ume. Klangfarben verst\u00e4rken uralte Patina, Gebrauchsspuren korrelieren mit Tonspuren. Optische und akustische Information, Kunst und Architektur verschmelzen im Fluss der Zeit. Im Zusammenspiel mit urbanen Situationen und modernster Technik wird Zeit erlebbar.<\/p>\n<p>a stereo sound installation for C\u00e4cileinhof St Peter\/Schn\u00fcttgenmuseum, Jabachstr. 1<br \/>\n&#8222;small sounds&#8220; &#8211; subtle sounds made out of field recordings and voices trigger imagination, they appear and disappear, fuse and resonate with the surroundings. The perception of space shifted slightly through slow and delicate movement of the sounds, revealing another view in the garden.<\/p>\n<p><a href=\"http:\/\/www.mikiyui.com\" target=\"_blank\" rel=\"noopener noreferrer\">www.mikiyui.com<\/a><\/p>\n<p>VISUAL SOUNDS<br \/>\nKlanginstallationen \/ Klangperformances \/Klangspazierg\u00e4nge<br \/>\nf\u00fcr Stadtentdecker, Musik- und Kunstliebhaber \/\/ series of city   explorations for urban music and art lovers sound installation \/ sound   performance \/ sound walks<\/p>\n<p>In der Stadt ist es immer wieder laut, Stra\u00dfenbahnen, Z\u00fcge rattern,  quietschen, Motoren heulen auf, Autos hupen, man h\u00f6rt Sirenen,  Flugzeuge, Hubschrauber, eine Baustelle nach der anderen, singende,  gr\u00f6lende, lebenslustige Gr\u00fcppchen wohin man nur geht. Visual sounds 2012  st\u00f6bert mal wieder Oasen der Ruhe auf, taucht mal ein in Brandungen der  K\u00f6lner Schallwellen. Ein Kirchgarten, ein Parkplatz wird zum  Ausstellungsort, Klangspazierg\u00e4nge f\u00fchren durch verkehrsreiche hektische  Gegenden der Stadt oder die fast stillen G\u00e4rten.<\/p>\n<p>VISUAL SOUNDS \u00a0wirft ein Netz von Veranstaltungen \u00fcber K\u00f6ln. Die  Reihe interpretiert die Stadt als Klangkunstwerk. Audio-visuelle  Inszenierungen, Performances und Spazierg\u00e4nge, setzen sich mit gegebenen  urbanen und architektonischen Momentaufnahmen auseinander und  sensibilisieren f\u00fcr diese, nutzen die vorhandenen R\u00e4ume neu oder denken  und \u00f6ffnen neue R\u00e4ume. Jedes Klangerlebnis wird ein unvergessliches  Stadterlebnis, Stadtf\u00fchrung und ein \u201ePlatzkonzert\u201c.<\/p>\n<p>F\u00fcr VISUAL SOUNDS werden Stadtf\u00fchrungen entwickelt, die aus  unterschiedlichen Perspektiven Klangr\u00e4ume in K\u00f6ln vorstellen, gebaute  oder akustisch fehlerhafte und unm\u00f6gliche R\u00e4ume, \u00f6ffentlicher und  halb\u00f6ffentlicher Stadtraum, fertige sowie in Planung befindliche R\u00e4ume,  brachliegende, bebaute, Innen- wie Au\u00dfenr\u00e4ume.<\/p>\n<p>Es sind Veranstaltungen, die Grenzen \u00fcberschreiten, Kunstsparten miteinander vernetzen und Dialoge inszenieren.<\/p>\n<p><em>VISUAL SOUNDS ist Teil der Veranstaltungsreihe Plattform f\u00fcr k\u00fcnstlerische Produktion.<br \/>\nDie Plattformen f\u00fcr k\u00fcnstlerische Produktion werden gef\u00f6rdert durch die  Kunststiftung NRW, das Ministerium f\u00fcr Familie, Kinder, Jugend, Kultur  und Sport des Landes Nordrhein-Westfalen, RheinEnergie Stiftung Kultur  und den Landschaftsverband Rheinland (LVR). Sie finden statt im Rahmen  von ON &#8211; Neue Musik K\u00f6ln, gef\u00f6rdert durch die Stadt K\u00f6ln.<br \/>\nVISUAL SOUNDS erh\u00e4lt einen Zuschuss aus dem Programm \u201eKonzert des Deutschen Musikrates\u201c.<br \/>\n<\/em><\/p>\n<p><a href=\"http:\/\/www.on-cologne.de\/\" target=\"_blank\" rel=\"noopener noreferrer\">www.on-cologne.de <\/a><br \/>\n<a href=\"http:\/\/www.facebook.com\/pages\/gerngesehen-whats-up\/280414075312269\" target=\"_blank\" rel=\"noopener noreferrer\">www.facebook\/gerngesehen what\u2019s up<\/a><\/p>\n<p><img loading=\"lazy\" class=\"alignright size-full wp-image-750\" title=\"ON_Plattform_VISUAL_SOUNDS-2\" src=\"http:\/\/www.gerngesehen.de\/GG\/wp-content\/uploads\/2012\/10\/ON_Plattform_VISUAL_SOUNDS-2.jpg\" alt=\"ON_Plattform_VISUAL_SOUNDS-2\" width=\"300\" height=\"880\" srcset=\"https:\/\/www.gerngesehen.de\/GG\/wp-content\/uploads\/2012\/10\/ON_Plattform_VISUAL_SOUNDS-2.jpg 300w, https:\/\/www.gerngesehen.de\/GG\/wp-content\/uploads\/2012\/10\/ON_Plattform_VISUAL_SOUNDS-2-102x300.jpg 102w\" sizes=\"(max-width: 300px) 100vw, 300px\" \/><\/p>\n","protected":false},"excerpt":{"rendered":"<p>INSTALLATION 14. Oktober 2012 \/ Er\u00f6ffnung K\u00d6LN: St. Peter\/Schn\u00fcttgen-Museum, C\u00e4cilienhof So\/15 h Eintritt frei Ausstellungsdauer\u00a0 bis 5. Dezember 2012 Klanginstallation miki yui Vokale I<\/p>\n","protected":false},"author":1,"featured_media":0,"comment_status":"closed","ping_status":"closed","sticky":false,"template":"","format":"standard","meta":[],"categories":[100,65],"tags":[],"_links":{"self":[{"href":"https:\/\/www.gerngesehen.de\/index.php?rest_route=\/wp\/v2\/posts\/749"}],"collection":[{"href":"https:\/\/www.gerngesehen.de\/index.php?rest_route=\/wp\/v2\/posts"}],"about":[{"href":"https:\/\/www.gerngesehen.de\/index.php?rest_route=\/wp\/v2\/types\/post"}],"author":[{"embeddable":true,"href":"https:\/\/www.gerngesehen.de\/index.php?rest_route=\/wp\/v2\/users\/1"}],"replies":[{"embeddable":true,"href":"https:\/\/www.gerngesehen.de\/index.php?rest_route=%2Fwp%2Fv2%2Fcomments&post=749"}],"version-history":[{"count":8,"href":"https:\/\/www.gerngesehen.de\/index.php?rest_route=\/wp\/v2\/posts\/749\/revisions"}],"predecessor-version":[{"id":2087,"href":"https:\/\/www.gerngesehen.de\/index.php?rest_route=\/wp\/v2\/posts\/749\/revisions\/2087"}],"wp:attachment":[{"href":"https:\/\/www.gerngesehen.de\/index.php?rest_route=%2Fwp%2Fv2%2Fmedia&parent=749"}],"wp:term":[{"taxonomy":"category","embeddable":true,"href":"https:\/\/www.gerngesehen.de\/index.php?rest_route=%2Fwp%2Fv2%2Fcategories&post=749"},{"taxonomy":"post_tag","embeddable":true,"href":"https:\/\/www.gerngesehen.de\/index.php?rest_route=%2Fwp%2Fv2%2Ftags&post=749"}],"curies":[{"name":"wp","href":"https:\/\/api.w.org\/{rel}","templated":true}]}}