{"id":679,"date":"2012-08-20T14:14:23","date_gmt":"2012-08-20T12:14:23","guid":{"rendered":"http:\/\/www.gerngesehen.de\/?p=679"},"modified":"2020-07-22T20:16:59","modified_gmt":"2020-07-22T18:16:59","slug":"raumklange-visual-notations-musik-intermedial","status":"publish","type":"post","link":"https:\/\/www.gerngesehen.de\/?p=679","title":{"rendered":"Raumkl\u00e4nge &#8211; visual notations &#8211; musik intermedial"},"content":{"rendered":"<blockquote><p><strong>Ahad&#8217;s Masters Garden<br \/>\n<\/strong><\/p>\n<p><strong>11.9.2012<\/strong><br \/>\nDi \/ 20.30 Uhr<br \/>\nK\u00f6ln\u00a0 \/ Alte Feuerwache, Melchiorstr. 3<\/p>\n<p><strong>12.9.2012<\/strong><br \/>\nMi \/ 19.30 Uhr<br \/>\nStommeln \/ Scheune Schall, Hauptstr. 85 (Hinterhaus)<\/p>\n<p><!--more--><\/p><\/blockquote>\n<p><img loading=\"lazy\" class=\"alignright size-full wp-image-688\" title=\"RK_M1_Poster_A3_RZ.indd\" src=\"http:\/\/www.gerngesehen.de\/GG\/wp-content\/uploads\/2012\/08\/RK_M1_Poster_A3.jpg\" alt=\"RK_M1_Poster_A3_RZ.indd\" width=\"400\" height=\"565\" srcset=\"https:\/\/www.gerngesehen.de\/GG\/wp-content\/uploads\/2012\/08\/RK_M1_Poster_A3.jpg 400w, https:\/\/www.gerngesehen.de\/GG\/wp-content\/uploads\/2012\/08\/RK_M1_Poster_A3-212x300.jpg 212w\" sizes=\"(max-width: 400px) 100vw, 400px\" \/><br \/>\n<strong>Ahad&#8217;s Masters Garden<\/strong><br \/>\nMusik f\u00fcr\u2019s Deutsche Haus<br \/>\n<em>Erstauff\u00fchrung<br \/>\nAnimationsfilm und live-elektronische Musik mit selbstgebauten Instrumenten<\/em><\/p>\n<p><em>Ausf\u00fchrende:<\/em><br \/>\nZsolt S\u00f6r\u00e9s, Budapest, HU<br \/>\nChristian Skj\u00f8dt, Aalborg, DK<br \/>\nJ. Milo Taylor, London, UK<br \/>\nAndrea Pensado, Salem, MA, USA<\/p>\n<p>Zeitspr\u00fcnge: Alte Stummfilme hat Zsolt S\u0151r\u00e9s bisher als filmische Notenschrift f\u00fcr die Konzerte zu Ahad&#8217;s Masters Garden ausgew\u00e4hlt, diesmal gibt\u2019s einen ver\u00e4nderten Ansatz mit einem neuen Computeranimationsfilm. Mal abstrakt, mal animierte Zeichnungen mit fliegenden Schallplatten, Wortfetzen sowie bewegten Werbegrafiken von Schellackplatten aus den 20\/30ern \u201eMusik f\u00fcr\u2019s Deutsche Haus\u201c aufgesp\u00fcrt im Archiv von a-musik, K\u00f6ln. Mit Originaleinspielungen aus dieser Zeit, Deutsche Swing- , Jazz-,\u00a0 Tango- , Kirchenmusik und Chansons, kurz mit dabei: Marlene Dietrich. Das Filmkonzert, ein H\u00f6rspiel im Notentakt eines Films erz\u00e4hlt Zeit-\/Geschichte\/n mit selbstgebauten Instrumenten, Kurzwellenempf\u00e4ngern, Radiosignalen, Frequenzen, Klangverfremdungen.<\/p>\n<p>Zsolt S\u0151r\u00e9s ist Violinist. Musiker aus dem Bereich der improvisierten, elektroakustischen und Noise Musik, Performance und Konzept Kunst, sein Hauptinteresse sind cross-over Projekte.<br \/>\nChristian Skj\u00f8dt ist Musiker, Schlagwerker, sparten\u00fcbergreifend arbeitender K\u00fcnstler, Klangforscher, Performer, Erfinder von Instrumenten. In seinem Tonstudio Tonometer Music produziert er K\u00fcnstlerschallplatten.<br \/>\nJ. Milo Taylor derzeit Gast\/Fellow an der Kunsthochschule f\u00fcr Medien K\u00f6ln ist Kulturwissenschaftler, Autor und intermedialer K\u00fcnstler f\u00fcr Robotik, Klangkunst, Animationsfilm und Performance.<br \/>\nAndrea Pensado argentinische Musikerin f\u00fcr experimentelle Elektronik und Stimmimprovisation, lebt in Salem bei Boston. Auf Durchreise spielt sie als nomade-in-residence ein kurzes Soloprogramm.<\/p>\n<p><em>Raumkl\u00e4nge &#8211; visual notations &#8211; musik intermedial<br \/>\nKonzerte, Filme und Performance auch mit selbstgebauten Instrumenten<br \/>\nEine Karte \u2013 zweimal h\u00f6ren: 11. September bis 4. Oktober\u00a0 in K\u00f6ln + Pulheim-Stommeln<br \/>\n<\/em><\/p>\n<p><em>Eine erste Kooperation der Veranstalter gerngesehen und der Stadt Pulheim in Zusammenarbeit mit der regionalen Kulturpolitik NRW.<\/em><\/p>\n<p><em>Eine Karte \u2013 zweimal h\u00f6ren: Damit Sie das gleiche Programm an verschiedenen H\u00f6rorten erleben k\u00f6nnen, berechtigen die im VVK-Pulheim gekauften Karten zum kostenlosen Besuch in K\u00f6ln, die in K\u00f6ln gekauften Karten gew\u00e4hren freien Eintritt f\u00fcr das Konzert in Stommeln am n\u00e4chsten Tag \u2013 gerngesehen ist ein Wiedersehen oder geteilte Freude, Ihre Weiterempfehlung: Sie teilen Ihre Eintrittskarte mit Freunden.<\/em><\/p>\n<p><em>Konzertkarten:\u00a0 10 EUR \/ erm\u00e4\u00dfigt 5 EUR<br \/>\nVVK: Kulturabteilung, Rathaus Zi. 15, Alte K\u00f6lner Stra\u00dfe 26, 50259 Pulheim, 02238 808 116<br \/>\nTicket Center Pulheim, Venloer Str. 98, 50259 Pulheim, 02238 47 78 76<\/em><\/p>\n<p><em><a href=\"http:\/\/www.raumklaenge.de\" target=\"_blank\" rel=\"noopener noreferrer\">www.raumklaenge.de<\/a><br \/>\n<\/em><\/p>\n","protected":false},"excerpt":{"rendered":"<p>Ahad&#8217;s Masters Garden 11.9.2012 Di \/ 20.30 Uhr K\u00f6ln\u00a0 \/ Alte Feuerwache, Melchiorstr. 3 12.9.2012 Mi \/ 19.30 Uhr Stommeln \/ Scheune Schall, Hauptstr. 85 (Hinterhaus)<\/p>\n","protected":false},"author":1,"featured_media":0,"comment_status":"closed","ping_status":"closed","sticky":false,"template":"","format":"standard","meta":[],"categories":[100,122],"tags":[],"_links":{"self":[{"href":"https:\/\/www.gerngesehen.de\/index.php?rest_route=\/wp\/v2\/posts\/679"}],"collection":[{"href":"https:\/\/www.gerngesehen.de\/index.php?rest_route=\/wp\/v2\/posts"}],"about":[{"href":"https:\/\/www.gerngesehen.de\/index.php?rest_route=\/wp\/v2\/types\/post"}],"author":[{"embeddable":true,"href":"https:\/\/www.gerngesehen.de\/index.php?rest_route=\/wp\/v2\/users\/1"}],"replies":[{"embeddable":true,"href":"https:\/\/www.gerngesehen.de\/index.php?rest_route=%2Fwp%2Fv2%2Fcomments&post=679"}],"version-history":[{"count":11,"href":"https:\/\/www.gerngesehen.de\/index.php?rest_route=\/wp\/v2\/posts\/679\/revisions"}],"predecessor-version":[{"id":2081,"href":"https:\/\/www.gerngesehen.de\/index.php?rest_route=\/wp\/v2\/posts\/679\/revisions\/2081"}],"wp:attachment":[{"href":"https:\/\/www.gerngesehen.de\/index.php?rest_route=%2Fwp%2Fv2%2Fmedia&parent=679"}],"wp:term":[{"taxonomy":"category","embeddable":true,"href":"https:\/\/www.gerngesehen.de\/index.php?rest_route=%2Fwp%2Fv2%2Fcategories&post=679"},{"taxonomy":"post_tag","embeddable":true,"href":"https:\/\/www.gerngesehen.de\/index.php?rest_route=%2Fwp%2Fv2%2Ftags&post=679"}],"curies":[{"name":"wp","href":"https:\/\/api.w.org\/{rel}","templated":true}]}}