{"id":650,"date":"2012-04-13T12:53:59","date_gmt":"2012-04-13T10:53:59","guid":{"rendered":"http:\/\/www.gerngesehen.de\/?p=650"},"modified":"2020-07-22T20:16:11","modified_gmt":"2020-07-22T18:16:11","slug":"elektronicski-2","status":"publish","type":"post","link":"https:\/\/www.gerngesehen.de\/?p=650","title":{"rendered":"elektronicski"},"content":{"rendered":"<blockquote><p><strong>6. Mai 2012<\/strong> \/ Mo \/ 15:30 h \/ 18 h \/ 20 h<br \/>\nTheater die wohngemeinschaft, Richard-Wagner-Str 39,\u00a0 K\u00f6ln<\/p>\n<p>KLANG- UND FILMEXPERIMENTE<br \/>\n<!--more--><\/p>\n<p><img title=\"Weiterlesen...\" src=\"..\/wp-includes\/js\/tinymce\/plugins\/wordpress\/img\/trans.gif\" alt=\"\" \/><\/p><\/blockquote>\n<p><em><img title=\"Weiterlesen...\" src=\"..\/wp-includes\/js\/tinymce\/plugins\/wordpress\/img\/trans.gif\" alt=\"\" \/><\/em><\/p>\n<p>15.30 h<br \/>\n<strong>Filme von Maria Wasko<\/strong><\/p>\n<p>&#8218;Allen Ginsberg in \u0141\u00f3d\u017a &#8218;, 1993, 90 min., in zwei Teilen:<br \/>\n&#8218;On the Road&#8216;, 50 min<br \/>\n&#8218;Do the meditation Rock&#8216;, 40 min<br \/>\nanschlie\u00dfend Maria und Ryszard Wasko im Gespr\u00e4ch mit Uta M. Reindl \u00fcber die Umbruchjahre in Lodz.<br \/>\n&#8212;&#8211;<\/p>\n<p>18 h<br \/>\n<strong>Film und Videoarbeiten von Maria und Ryszard Wasko<\/strong><br \/>\n&#8218;<br \/>\nTo Plant a Tree Together&#8216;, &#8218;Construction in Process V: Co-Existence&#8216;,\u00a0 Mitzpe Ramon, Negev W\u00fcste, Israel. 1995, 50 min.<\/p>\n<p>Videoarbeiten aus den 70ern<br \/>\n&#8212;&#8211;<\/p>\n<p>20 h<br \/>\n<strong>Richtig Polen Vinylrarit\u00e4ten aufgelegt von Tomek Wozniakowski<\/strong><\/p>\n<p>&#8212;&#8211;<br \/>\nFilme und Videokunst<br \/>\nDas legend\u00e4re International Artists\u2019 Museum in \u0141\u00f3d\u017a der Waskos war eine Keimzelle im fr\u00fchen Ost-West Kulturaustausch und f\u00fchrte zu den internationalen Kunst-Projekten &#8218;Construction in Process&#8216; 1981-2000 immer mit 100-150 K\u00fcnstlern. Daraus entstand 2004 die Biennale \u0141\u00f3d\u017a. Dieses Programm gibt r\u00fcckblickend Einblicke in bewegende Zeiten aus der Sicht der Filmemacherin Maria Wasko, sie dokumentierte die Kulturereignisse.<\/p>\n<p>Lange schon bevor Multimedia zur Mode wird, kombiniert Wasko, Mitglied des legend\u00e4ren Film Form Workshops in \u0141\u00f3d\u017a, Film mit Fotografie, Installation und Malerei. In seiner Videokunst aus den 70ern werden reale und konstruierte Bewegungen cineastisch brillant ineinandergeschnitten, wobei sperrige Standbilder nachhaltig die Verg\u00e4nglichkeit von Zeit vor Augen f\u00fchren. Bereits vier mal waren Waskos Werke auf der Biennale Venedig zu erleben; nun kommen die fulminanten Experimentalfilme der 70er Jahre auch zu den Teppichstangen an Emscher, Aa und Rhein.<\/p>\n<p>&#8212;&#8211;<br \/>\nRichtig Polen! Vinylrarit\u00e4ten<br \/>\nWozniakowski \u00f6ffnet seinen Rarit\u00e4tenkoffer, aufgelegt werden Schallplatten ambitionierter Musik aus Polen, die in Deutschland noch kaum jemand geh\u00f6rt haben d\u00fcrfte.<\/p>\n<p>Neben Jazz und Surf\u2019n\u2019Beat der \u2018 60er Jahre sind fr\u00fche elektronische Experimente zu h\u00f6ren. Punk, Cold-Wave oder Reggae der \u201870er und \u201880er folgen der rauen Folklore. Der Warschauer Hype, The Black Tapes darf auch nicht fehlen&#8230; Karlowicz, Szymanowski und Chopin gemeinsam mit Grechuta, Umer oder Demarczyk runden die polnische Klangreise ab.<\/p>\n<p><img loading=\"lazy\" class=\"alignright size-full wp-image-664\" title=\"6Mai2012\" src=\"http:\/\/www.gerngesehen.de\/GG\/wp-content\/uploads\/2012\/04\/6Mai20121.jpg\" alt=\"6Mai2012\" width=\"200\" height=\"801\" \/><\/p>\n<p><em>Veranstalter: cuba-cultur, Mu\u0308nster, www.cuba-cultur.de; freies  rheinland e.V. c\/o; georg dietzler, K\u00f6ln, www.gerngesehen.de; mex \u2013  intermediale und experimentelle Musikprojekte e.V, Dortmund,  www.mexappeal.de<br \/>\nVeranstaltungspartner: Polnisches Institut Du\u0308sseldorf,  www.polnisches-institut.de; Klopsztanga Gesamtkonzeption: NRW  KULTURsekretariat und Kulturministerium NRW<\/em><\/p>\n<p><em><a href=\"http:\/\/www.klopsztanga.de\/\" target=\"_blank\" rel=\"noopener noreferrer\">www.klopsztanga.de<\/a><\/em><\/p>\n","protected":false},"excerpt":{"rendered":"<p>6. Mai 2012 \/ Mo \/ 15:30 h \/ 18 h \/ 20 h Theater die wohngemeinschaft, Richard-Wagner-Str 39,\u00a0 K\u00f6ln KLANG- UND FILMEXPERIMENTE<\/p>\n","protected":false},"author":1,"featured_media":0,"comment_status":"closed","ping_status":"closed","sticky":false,"template":"","format":"standard","meta":[],"categories":[100],"tags":[],"_links":{"self":[{"href":"https:\/\/www.gerngesehen.de\/index.php?rest_route=\/wp\/v2\/posts\/650"}],"collection":[{"href":"https:\/\/www.gerngesehen.de\/index.php?rest_route=\/wp\/v2\/posts"}],"about":[{"href":"https:\/\/www.gerngesehen.de\/index.php?rest_route=\/wp\/v2\/types\/post"}],"author":[{"embeddable":true,"href":"https:\/\/www.gerngesehen.de\/index.php?rest_route=\/wp\/v2\/users\/1"}],"replies":[{"embeddable":true,"href":"https:\/\/www.gerngesehen.de\/index.php?rest_route=%2Fwp%2Fv2%2Fcomments&post=650"}],"version-history":[{"count":7,"href":"https:\/\/www.gerngesehen.de\/index.php?rest_route=\/wp\/v2\/posts\/650\/revisions"}],"predecessor-version":[{"id":654,"href":"https:\/\/www.gerngesehen.de\/index.php?rest_route=\/wp\/v2\/posts\/650\/revisions\/654"}],"wp:attachment":[{"href":"https:\/\/www.gerngesehen.de\/index.php?rest_route=%2Fwp%2Fv2%2Fmedia&parent=650"}],"wp:term":[{"taxonomy":"category","embeddable":true,"href":"https:\/\/www.gerngesehen.de\/index.php?rest_route=%2Fwp%2Fv2%2Fcategories&post=650"},{"taxonomy":"post_tag","embeddable":true,"href":"https:\/\/www.gerngesehen.de\/index.php?rest_route=%2Fwp%2Fv2%2Ftags&post=650"}],"curies":[{"name":"wp","href":"https:\/\/api.w.org\/{rel}","templated":true}]}}