{"id":628,"date":"2011-12-12T13:05:08","date_gmt":"2011-12-12T11:05:08","guid":{"rendered":"http:\/\/www.gerngesehen.de\/?p=628"},"modified":"2020-07-22T20:15:14","modified_gmt":"2020-07-22T18:15:14","slug":"wegnerweinmannwindisch","status":"publish","type":"post","link":"https:\/\/www.gerngesehen.de\/?p=628","title":{"rendered":"Wegner\/Weinmann\/Windisch"},"content":{"rendered":"<blockquote><p><strong>13. Dezember 2011<\/strong> \/ Di \/ 20.30 h<br \/>\nTheater die wohngemeinschaft, Richard-Wagner-Str. 39, K\u00f6ln<\/p>\n<p><strong>Ephraim Wegner\/Julia Weinmann<\/strong>,<br \/>\n<em>ein audiovisuelles Konzert, Erstauf\u00fchrung<\/em><br \/>\n<strong>Franziska Windisch<\/strong> Coal Room<br \/>\n<em>Ein-Raum-Konzert<\/em><\/p>\n<p><em><!--more--><\/em><\/p><\/blockquote>\n<p>Ein beschaulicher atmosph\u00e4risch verdichteter Abend mit kleinen Episoden und Geschichten aus verlassenen Hotels und gl\u00fchenden Kohlest\u00fcckchen<\/p>\n<p>Nr. 2 der neuen Veranstaltungsreihe, noch ohne Namen, f\u00fcr Nachwuchsk\u00fcnstler aus der Region, von Nov 2011 erstmal bis zur Sommerpause im Mai 2012, immer am 2. Dienstag eines Monats, immer im Wohnzimmer Klubtheater die wohngemeinschaft, 50674 K\u00f6ln, Richard-Wagner-Str. 39.<\/p>\n<p>PRPGRAMM:<br \/>\n<strong>Ephraim Wegner and Julia Weinmann <\/strong><br \/>\nanti-matter-plant<br \/>\nDie audiovisuelle Arbeit [&#8230;] der Fotografin Julia Weinmann und des Klangk\u00fcnstlers Ephraim Wegner f\u00fchrt den Zuh\u00f6rer\/Betrachter, in einer Komposition aus Ton und Fotografie, durch die R\u00e4ume \u201efiktiver\u201c lange verlassenen Hotels. Erlebte Stimmungen durch diese Impressionen inspiriert, machten die beiden K\u00fcnstler aus den R\u00e4umen mehrerer Ruinen ein fiktives Hotel, durch das der Betrachter\/Zuh\u00f6rer quasi als Tourist hindurch gef\u00fchrt wird.<br \/>\nAlle Foto- bzw. Audioaufnahmen entstanden in den Ruinen ehemaliger Hotels. Im musikalischen Sinn entsprechen die einzelnen Bilderserien den Strophen bzw. S\u00e4tzen einzelner Themen.<br \/>\nErinnerungen an die 60- bis 80iger Jahren werden wach, als gro\u00dfr\u00e4umige Hotelanlagen zur Erf\u00fcllung individueller Urlaubstr\u00e4ume der letzte Schrei waren. Nicht-Orte, monofunktional genutzte Fl\u00e4chen, die einander durch ihre Austauschbarkeit und Geschichtslosigkeit gleichen. Wuchtige Ferienanlagen als Heterotopoi im Foucault\u00b4schen Sinn.<br \/>\nDie Geschichte dieser Ruinen, das Wegfallen ihrer einstigen Nutzung sowie die Ver\u00e4nderungen durch den Faktor Zeit, geben dem Ort einen organischen Lebenszyklus mit ganz eigenem Seelenleben. Pflanzen und Tiere nisten sich zwischen den Tr\u00fcmmern ein. Betritt man einen solchen Ort, ist man zun\u00e4chst von den Eindr\u00fccken der Zerst\u00f6rung \u00fcberw\u00e4ltig. Gleichzeitig auch fasziniert von einer Welt, deren Zerfall zugleich Erneuerung bedeutet. So weilten einst in jedem dieser Geb\u00e4ude unz\u00e4hlig viele Menschen, G\u00e4ste sowie Angestellte. Einige nur wenige Tage oder Wochen lang \u2013 andere verbrachten dort ihr ganzes Leben. Viele kleine Episoden und Geschichten Einzelner fanden hier ihren Anfang und oft auch ihr Ende.<\/p>\n<p><strong>Franziska Windisch <\/strong><br \/>\nCoal Room<br \/>\nFranziska Windisch, bringt Kohlest\u00fccke zum Gl\u00fchen, befeuert deren Glut. \u00dcber Sensoren, Kontaktmikrofone und live sound-processing\u00a0 gesteuert werden Klangnetze mehrkanalig \u00fcber den Raum geworfen. In den nuancenreichen, feinen, warmen Prozess kann jeder tiefer eintauchen durch Video\u00fcbertragungen.<\/p>\n<p>BIOS:<br \/>\n<strong>Ephraim Wegner<\/strong> (* 1980) begann seine Karriere als DJ im elektronischen Bereich, verlagerte aber Ende der Neunziger seine k\u00fcnstlerische Arbeit auf das Komponieren eigener St\u00fccke sowie auf die Entwicklung von digitalen und elektronischen Steuersystemen. Schwerpunkt seiner Arbeit ist hierbei das direkte Steuern der Elektronik \u2013 sei es durch den Besucher bei interaktiven Installationen oder im Zusammenspiel mit anderen Musikern. Ein weiterer wichtiger Punkt bei der Auseinandersetzung mit elektronischer Musik ist die Beschaffenheit des Klangs an sich, aus welchen Schwingungen resultieren Kl\u00e4nge mit unterschiedlichen Charakteristika. Auch bereits vorhandene, aufgenommene Ger\u00e4usche und Klangverl\u00e4ufe spielen hierbei eine Rolle. Sowohl f\u00fcr die Dekonstruktion als auch f\u00fcr die Simulation. Seine musikalischen Arbeiten sind gr\u00f6\u00dftenteils im Bereich der Musique Concr\u00e8te, Elektroakustik und Neuen Musik anzusiedeln. Es gibt zahlreiche Kooperationen mit anderen Musikern und Ensembles (u.a. @C, Alexander Grebtschenko, Cem G\u00fcney, ensemble chronophonie, Ensemble Alarm, Gilles Aubry oder Skug). Musikalische Auff\u00fchrungen oder Installationen waren bereits im ZKM, den Baden-W\u00fcrttembergischen Theatertagen oder bei Art\u00b4s Birthday \u2013 einer Veranstaltung des SWR \u2013 zu h\u00f6ren. Des Weiteren vertont Ephraim Wegner Dokumentar-, Kunst- und Kurzfilme sowie Theater-Auff\u00fchrungen. Bis Oktober 2010 gestaltete er seine eigene Radiosendung bei Radio Dreyeckland und ist Gastgeber einer fest etablierten Veranstaltungsreihe f\u00fcr experimentale Musik in Freiburg und studiert nun an der KHM in K\u00f6ln Audiovisuelle Medien.<br \/>\n<a href=\"http:\/\/www.anti-matter-plant.org\/\" target=\"_blank\" rel=\"noopener noreferrer\">http:\/\/www.anti-matter-plant.org\/<\/a><br \/>\n<a href=\"http:\/\/www.lastfm.de\/music\/EphraimWegner\/\" target=\"_blank\" rel=\"noopener noreferrer\">http:\/\/www.lastfm.de\/music\/EphraimWegner1\/<\/a><br \/>\n<a href=\"http:\/\/www.lastfm.de\/music\/Ephraim%2520Wegner?ac=ephraim%20wegner\" target=\"_blank\" rel=\"noopener noreferrer\">http:\/\/www.lastfm.de\/music\/EphraimWegner2\/<\/a><br \/>\n<a href=\"http:\/\/www.cronicaelectronica.org\/\" target=\"_blank\" rel=\"noopener noreferrer\">http:\/\/www.cronicaelectronica.org\/<\/a><\/p>\n<p><strong>Julia Weinmann<\/strong>, Fotografin, Medienk\u00fcnstlerin. Nach einer Europareise studierte sie 2003 in Freiburg bildende Kunst und Fotografie. \u00dcber die Jahre fanden unterschiedliche Kooperationen und Ausstellungen mit anderen K\u00fcnstlern statt. Seit 2008 arbeitet sie in einem Atelier f\u00fcr Illustration.<\/p>\n<p><strong>Franziska Windisch<\/strong> (*1983) studierte an der Kunsthochschule f\u00fcr Medien, K\u00f6ln (Diplom Audiovisuelle Medien 2010), an der Bezalel Academy for Arts and Design, Jerusalem, Israel (Gast) und an der Staatlichen Hochschule f\u00fcr Bildende K\u00fcnste, St\u00e4delschule, Frankfurt am Main (Gast). In ihren Arbeiten besch\u00e4ftigt sie sich mit der Aufzeichnung von Bewegung in Raum und Zeit. Die unterschiedlichen Aspekte werden in Rauminstallationen, Konzerten und ortsbezogenen Performances erforscht.<br \/>\n<a href=\"http:\/\/www.franziskawindisch.com\">www.franziskawindisch.com<\/a><\/p>\n<p><img loading=\"lazy\" class=\"alignright size-full wp-image-630\" title=\"2011_1213_Weinmann\" src=\"http:\/\/www.gerngesehen.de\/GG\/wp-content\/uploads\/2011\/12\/2011_1213_Weinmann.jpg\" alt=\"2011_1213_Weinmann\" width=\"400\" height=\"585\" srcset=\"https:\/\/www.gerngesehen.de\/GG\/wp-content\/uploads\/2011\/12\/2011_1213_Weinmann.jpg 400w, https:\/\/www.gerngesehen.de\/GG\/wp-content\/uploads\/2011\/12\/2011_1213_Weinmann-205x300.jpg 205w\" sizes=\"(max-width: 400px) 100vw, 400px\" \/><\/p>\n<p><img title=\"Weiterlesen...\" src=\"..\/wp-includes\/js\/tinymce\/plugins\/wordpress\/img\/trans.gif\" alt=\"\" \/><\/p>\n","protected":false},"excerpt":{"rendered":"<p>13. Dezember 2011 \/ Di \/ 20.30 h Theater die wohngemeinschaft, Richard-Wagner-Str. 39, K\u00f6ln Ephraim Wegner\/Julia Weinmann, ein audiovisuelles Konzert, Erstauf\u00fchrung Franziska Windisch Coal Room Ein-Raum-Konzert<\/p>\n","protected":false},"author":1,"featured_media":0,"comment_status":"closed","ping_status":"closed","sticky":false,"template":"","format":"standard","meta":[],"categories":[92],"tags":[],"_links":{"self":[{"href":"https:\/\/www.gerngesehen.de\/index.php?rest_route=\/wp\/v2\/posts\/628"}],"collection":[{"href":"https:\/\/www.gerngesehen.de\/index.php?rest_route=\/wp\/v2\/posts"}],"about":[{"href":"https:\/\/www.gerngesehen.de\/index.php?rest_route=\/wp\/v2\/types\/post"}],"author":[{"embeddable":true,"href":"https:\/\/www.gerngesehen.de\/index.php?rest_route=\/wp\/v2\/users\/1"}],"replies":[{"embeddable":true,"href":"https:\/\/www.gerngesehen.de\/index.php?rest_route=%2Fwp%2Fv2%2Fcomments&post=628"}],"version-history":[{"count":6,"href":"https:\/\/www.gerngesehen.de\/index.php?rest_route=\/wp\/v2\/posts\/628\/revisions"}],"predecessor-version":[{"id":2076,"href":"https:\/\/www.gerngesehen.de\/index.php?rest_route=\/wp\/v2\/posts\/628\/revisions\/2076"}],"wp:attachment":[{"href":"https:\/\/www.gerngesehen.de\/index.php?rest_route=%2Fwp%2Fv2%2Fmedia&parent=628"}],"wp:term":[{"taxonomy":"category","embeddable":true,"href":"https:\/\/www.gerngesehen.de\/index.php?rest_route=%2Fwp%2Fv2%2Fcategories&post=628"},{"taxonomy":"post_tag","embeddable":true,"href":"https:\/\/www.gerngesehen.de\/index.php?rest_route=%2Fwp%2Fv2%2Ftags&post=628"}],"curies":[{"name":"wp","href":"https:\/\/api.w.org\/{rel}","templated":true}]}}