{"id":546,"date":"2011-10-17T14:03:11","date_gmt":"2011-10-17T12:03:11","guid":{"rendered":"http:\/\/www.gerngesehen.de\/?p=546"},"modified":"2020-07-22T20:08:42","modified_gmt":"2020-07-22T18:08:42","slug":"1-pierre-berthet-luttich","status":"publish","type":"post","link":"https:\/\/www.gerngesehen.de\/?p=546","title":{"rendered":"(((((1 Pierre Berthet (L\u00fcttich)"},"content":{"rendered":"<blockquote><p><strong>VISUAL SOUNDS<\/strong><br \/>\nSound Installation<br \/>\nVernissage<\/p>\n<p><strong>26. Oktober 2011<\/strong><br \/>\nMittwoch \/ 19 h \/ St. Mauritius-Kirche<br \/>\nim Kirchgarten, Mauritiuskirchplatz, K\u00f6ln<em><br \/>\n<\/em><strong><span> <\/span><span> <\/span><\/strong><br \/>\n<strong>Extended Loudspeakers and Extended Drops for a Walled Church Garden<\/strong><\/p>\n<p>Ausstellungsdauer:<br \/>\n26. Oktober \u2013 28. November 2011<\/p>\n<p><!--more--><\/p>\n<p>\u00d6ffnungszeiten:<br \/>\nSa 15\u201317 h \/ So 11\u201313 h<\/p>\n<p>18. November 2011 \/ Fr<br \/>\n20\u201324 h \u201eLange Nacht der<br \/>\nKirchen in der K\u00f6lner Innenstadt\u201c<\/p>\n<p>Und nach Vereinbarung: 01520.2462718\u00a0 (Frau Benedict Hecht)<\/p>\n<p><img title=\"Weiterlesen...\" src=\"..\/wp-includes\/js\/tinymce\/plugins\/wordpress\/img\/trans.gif\" alt=\"\" \/><\/p>\n<p><img title=\"Weiterlesen...\" src=\"..\/wp-includes\/js\/tinymce\/plugins\/wordpress\/img\/trans.gif\" alt=\"\" \/><\/p>\n<p><strong><img title=\"Weiterlesen...\" src=\"..\/wp-includes\/js\/tinymce\/plugins\/wordpress\/img\/trans.gif\" alt=\"\" \/><img title=\"Weiterlesen...\" src=\"..\/wp-includes\/js\/tinymce\/plugins\/wordpress\/img\/trans.gif\" alt=\"\" \/><img loading=\"lazy\" class=\"alignright size-full wp-image-550\" title=\"VS_261011berthe\" src=\"http:\/\/www.gerngesehen.de\/GG\/wp-content\/uploads\/2011\/10\/VS_261011berthe.jpg\" alt=\"VS_261011berthe\" width=\"300\" height=\"638\" srcset=\"https:\/\/www.gerngesehen.de\/GG\/wp-content\/uploads\/2011\/10\/VS_261011berthe.jpg 300w, https:\/\/www.gerngesehen.de\/GG\/wp-content\/uploads\/2011\/10\/VS_261011berthe-141x300.jpg 141w\" sizes=\"(max-width: 300px) 100vw, 300px\" \/><br \/>\n<\/strong><\/p>\n<p><strong><span><img title=\"Weiterlesen...\" src=\"..\/wp-includes\/js\/tinymce\/plugins\/wordpress\/img\/trans.gif\" alt=\"\" \/><br \/>\n<\/span><\/strong><\/p>\n<p><em> <\/em><\/p><\/blockquote>\n<p><strong><img title=\"Weiterlesen...\" src=\"..\/wp-includes\/js\/tinymce\/plugins\/wordpress\/img\/trans.gif\" alt=\"\" \/><\/strong><\/p>\n<p>In dem meist verschlossenen stillen Kirchgarten, versteckt hinter Mauern, einsehbar durch Glast\u00fcren, gibt es sonst nur zu den Messen Zugang, das wird f\u00fcr die Ausstellungsdauer ge\u00e4ndert. Eine sehr feine, leise Klangarbeit entwickelt Pierre Berthet f\u00fcr diesen stillen Ort, Seh- und H\u00f6rachsen lassen den Raum neu erfahren, trocken oder bei Regen unter einem der D\u00e4cher stehend, sitzend verschwindet die laute Stadt. Besucher k\u00f6nnen eintauchen in diesen besonderen, kaum bekannten Ort im Stadtzentrum.<\/p>\n<p><em>Pierre Berthet designs and builds sound objects and installations (steel, plastic, water, magnetic fields, contact mics, electronics), for Cologne a site-specific sound work transforming the mostly locked church garden into a contemplative sound instrument. Under the garden roofs with or without rain the noisy city disappears. Stay a bit, take your time for a breath, for seeing and hearing things differently.<\/em><\/p>\n<p><a href=\"http:\/\/www.pierre.berthet.be\" target=\"_blank\" rel=\"noopener noreferrer\">www.pierre.berthet.be<\/a><\/p>\n","protected":false},"excerpt":{"rendered":"<p>VISUAL SOUNDS Sound Installation Vernissage 26. Oktober 2011 Mittwoch \/ 19 h \/ St. Mauritius-Kirche im Kirchgarten, Mauritiuskirchplatz, K\u00f6ln Extended Loudspeakers and Extended Drops for a Walled Church Garden Ausstellungsdauer: 26. Oktober \u2013 28. November 2011<\/p>\n","protected":false},"author":1,"featured_media":0,"comment_status":"closed","ping_status":"closed","sticky":false,"template":"","format":"standard","meta":[],"categories":[92,65],"tags":[],"_links":{"self":[{"href":"https:\/\/www.gerngesehen.de\/index.php?rest_route=\/wp\/v2\/posts\/546"}],"collection":[{"href":"https:\/\/www.gerngesehen.de\/index.php?rest_route=\/wp\/v2\/posts"}],"about":[{"href":"https:\/\/www.gerngesehen.de\/index.php?rest_route=\/wp\/v2\/types\/post"}],"author":[{"embeddable":true,"href":"https:\/\/www.gerngesehen.de\/index.php?rest_route=\/wp\/v2\/users\/1"}],"replies":[{"embeddable":true,"href":"https:\/\/www.gerngesehen.de\/index.php?rest_route=%2Fwp%2Fv2%2Fcomments&post=546"}],"version-history":[{"count":9,"href":"https:\/\/www.gerngesehen.de\/index.php?rest_route=\/wp\/v2\/posts\/546\/revisions"}],"predecessor-version":[{"id":2070,"href":"https:\/\/www.gerngesehen.de\/index.php?rest_route=\/wp\/v2\/posts\/546\/revisions\/2070"}],"wp:attachment":[{"href":"https:\/\/www.gerngesehen.de\/index.php?rest_route=%2Fwp%2Fv2%2Fmedia&parent=546"}],"wp:term":[{"taxonomy":"category","embeddable":true,"href":"https:\/\/www.gerngesehen.de\/index.php?rest_route=%2Fwp%2Fv2%2Fcategories&post=546"},{"taxonomy":"post_tag","embeddable":true,"href":"https:\/\/www.gerngesehen.de\/index.php?rest_route=%2Fwp%2Fv2%2Ftags&post=546"}],"curies":[{"name":"wp","href":"https:\/\/api.w.org\/{rel}","templated":true}]}}