{"id":2522,"date":"2024-04-03T09:17:20","date_gmt":"2024-04-03T07:17:20","guid":{"rendered":"https:\/\/www.gerngesehen.de\/?p=2522"},"modified":"2024-04-08T10:21:23","modified_gmt":"2024-04-08T08:21:23","slug":"boris-batschun-desert-dictionary","status":"publish","type":"post","link":"https:\/\/www.gerngesehen.de\/?p=2522","title":{"rendered":"Boris Baltschun \u2013 Desert Dictionary"},"content":{"rendered":"\n<p>11. April\u00a02024  \/  Do \/  20 h\u00a0<br>Loft \/ Wi\u00dfmannstr 30 \/ K\u00d6LN<br>Eintritt 7 \u20ac\u00a0<\/p>\n\n\n\n<p><br>Boris Baltschun: Komposition, Modularsynthese, Elektronik\u00a0<br>Katharina B\u00e9vand: Modularsynthese\u00a0<br>Bryan Eubanks: Modularsynthese\u00a0<br>Xavier Lopez: Modularsynthese\u00a0<br><br>mit Stimmbeitr\u00e4gen von Richard John Forbes, Maja Marx, Phala, Ookeditse Phala, Victoria Wigzell, Tubatsi Mpho Moloi, Linda Diederiks, Willem Boshoff, Liza Grobler, Nkosinathi Gumede, Karlien van Rooyen, Mongezi Ncombo, Ivan Messelaar, Gerhard Marx und Lindiwe Matshikiza.\u00a0<\/p>\n\n\n\n<p>Desert Dictionary wurde in den Jahren 2019 bis 2023 in S\u00fcdafrika realisiert. Es besteht aus einer Installation in der Halbw\u00fcste des Karoo, einem H\u00f6rspiel, einer Buchedition und einer Plattenver\u00f6ffentlichung. Der finale, f\u00fcnfte Teil des Projektes ist eine Live-Version, die hier in K\u00f6ln pr\u00e4sentiert wird. Aus Anlass der Ver\u00f6ffentlichung der Desert Dictionary LP auf arbitrary hat Boris Baltschun eine Live-Version f\u00fcr ein Ensemble aus vier Performer:innen konzipiert. Die im Studio entwickelte Multitrack-Komposition wird Live mithilfe von analogen Modularsynthesizern und einer Auswahl aus Wortbeitr\u00e4gen aus dem Desert Dictionary realisiert. Das W\u00f6rterbuch wird dabei zum Vehikel zur Navigation durch klangliche Territorien, die zwischen Sprache und Landschaft, Notation und Ger\u00e4usch oszillieren. Unterschiedliche Stimmen tragen mit ihren Eintr\u00e4gen in das W\u00f6rterbuch zu einer komplement\u00e4ren Erz\u00e4hlung bei, die pers\u00f6nliche Erinnerungen, politische Erw\u00e4gungen und psychologische Effekte einer scheinbar leeren Landschaft reflektieren. Damit verflochten ist eine Komposition, die Textnotizen mithilfe von analoger Modularsynthese in Klang \u00fcbersetzt. Eine synthetisierte Klanglandschaft, die als imagin\u00e4re Feldaufnahme in Erscheinung tritt und dem fraglichen Ort gleichzeitig \u00e4hnlich und un\u00e4hnlich ist.&nbsp;<\/p>\n\n\n\n<p>Konzertdauer 60 Minuten&nbsp;<\/p>\n\n\n\n<p>LP ver\u00f6ffentlicht auf\u00a0<a href=\"https:\/\/arbitraryproject.com\/Desert-Dictionary\" target=\"_blank\" rel=\"noreferrer noopener\">arbitraryproject.com<\/a><\/p>\n\n\n\n<p>Gef\u00f6rdert vom Musikfonds e.V. mit Projektmitteln der Beauftragten der Bundesregierung f\u00fcr Kultur und Medien, dem Kulturamt der Stadt K\u00f6ln.<\/p>\n\n\n\n<p><\/p>\n\n\n\n<figure class=\"wp-block-image size-large\"><a href=\"https:\/\/www.gerngesehen.de\/GG\/wp-content\/uploads\/2024\/04\/BB-DD-Instagram-Post-Koln2.jpg\"><img loading=\"lazy\" width=\"1024\" height=\"1024\" src=\"https:\/\/www.gerngesehen.de\/GG\/wp-content\/uploads\/2024\/04\/BB-DD-Instagram-Post-Koln2-1024x1024.jpg\" alt=\"\" class=\"wp-image-2528\" srcset=\"https:\/\/www.gerngesehen.de\/GG\/wp-content\/uploads\/2024\/04\/BB-DD-Instagram-Post-Koln2-1024x1024.jpg 1024w, https:\/\/www.gerngesehen.de\/GG\/wp-content\/uploads\/2024\/04\/BB-DD-Instagram-Post-Koln2-300x300.jpg 300w, https:\/\/www.gerngesehen.de\/GG\/wp-content\/uploads\/2024\/04\/BB-DD-Instagram-Post-Koln2-150x150.jpg 150w, https:\/\/www.gerngesehen.de\/GG\/wp-content\/uploads\/2024\/04\/BB-DD-Instagram-Post-Koln2-768x768.jpg 768w, https:\/\/www.gerngesehen.de\/GG\/wp-content\/uploads\/2024\/04\/BB-DD-Instagram-Post-Koln2-1536x1536.jpg 1536w, https:\/\/www.gerngesehen.de\/GG\/wp-content\/uploads\/2024\/04\/BB-DD-Instagram-Post-Koln2-2048x2048.jpg 2048w, https:\/\/www.gerngesehen.de\/GG\/wp-content\/uploads\/2024\/04\/BB-DD-Instagram-Post-Koln2-1870x1870.jpg 1870w, https:\/\/www.gerngesehen.de\/GG\/wp-content\/uploads\/2024\/04\/BB-DD-Instagram-Post-Koln2-400x400.jpg 400w, https:\/\/www.gerngesehen.de\/GG\/wp-content\/uploads\/2024\/04\/BB-DD-Instagram-Post-Koln2-800x800.jpg 800w\" sizes=\"(max-width: 1024px) 100vw, 1024px\" \/><\/a><\/figure>\n","protected":false},"excerpt":{"rendered":"<p>KONZERT<br \/>\n11. April 2024<br \/>\nLoft, K\u00f6ln<\/p>\n","protected":false},"author":1,"featured_media":2524,"comment_status":"closed","ping_status":"closed","sticky":false,"template":"","format":"standard","meta":[],"categories":[148],"tags":[],"_links":{"self":[{"href":"https:\/\/www.gerngesehen.de\/index.php?rest_route=\/wp\/v2\/posts\/2522"}],"collection":[{"href":"https:\/\/www.gerngesehen.de\/index.php?rest_route=\/wp\/v2\/posts"}],"about":[{"href":"https:\/\/www.gerngesehen.de\/index.php?rest_route=\/wp\/v2\/types\/post"}],"author":[{"embeddable":true,"href":"https:\/\/www.gerngesehen.de\/index.php?rest_route=\/wp\/v2\/users\/1"}],"replies":[{"embeddable":true,"href":"https:\/\/www.gerngesehen.de\/index.php?rest_route=%2Fwp%2Fv2%2Fcomments&post=2522"}],"version-history":[{"count":6,"href":"https:\/\/www.gerngesehen.de\/index.php?rest_route=\/wp\/v2\/posts\/2522\/revisions"}],"predecessor-version":[{"id":2533,"href":"https:\/\/www.gerngesehen.de\/index.php?rest_route=\/wp\/v2\/posts\/2522\/revisions\/2533"}],"wp:featuredmedia":[{"embeddable":true,"href":"https:\/\/www.gerngesehen.de\/index.php?rest_route=\/wp\/v2\/media\/2524"}],"wp:attachment":[{"href":"https:\/\/www.gerngesehen.de\/index.php?rest_route=%2Fwp%2Fv2%2Fmedia&parent=2522"}],"wp:term":[{"taxonomy":"category","embeddable":true,"href":"https:\/\/www.gerngesehen.de\/index.php?rest_route=%2Fwp%2Fv2%2Fcategories&post=2522"},{"taxonomy":"post_tag","embeddable":true,"href":"https:\/\/www.gerngesehen.de\/index.php?rest_route=%2Fwp%2Fv2%2Ftags&post=2522"}],"curies":[{"name":"wp","href":"https:\/\/api.w.org\/{rel}","templated":true}]}}