{"id":189,"date":"2009-08-20T19:52:28","date_gmt":"2009-08-20T17:52:28","guid":{"rendered":"http:\/\/www.gerngesehen.de\/GG\/?p=189"},"modified":"2020-07-22T19:46:59","modified_gmt":"2020-07-22T17:46:59","slug":"im-rahmen-der-kolner-musiknacht-2","status":"publish","type":"post","link":"https:\/\/www.gerngesehen.de\/?p=189","title":{"rendered":"im Rahmen der K\u00d6LNER MUSIKNACHT"},"content":{"rendered":"<blockquote><p><em>15. September 2007<br \/>\nMoltkerei, K\u00f6ln<\/em><\/p><\/blockquote>\n<p><em>Im Rahmen der K\u00f6lner Musiknacht<\/em><br \/>\n<strong>Achim TANG<br \/>\nBettina WENZEL<br \/>\nJeffery MORGAN<br \/>\nMatthias KAISER<br \/>\nKonrad D\u00d6PPERT<\/strong><\/p>\n<p><!--more--><br \/>\n\/\/ Sparkling Moments<br \/>\nACHIM TANG \u2013 Kontrabass<br \/>\nBETTINA WENZEL \u2013<br \/>\nWolfsohn\u2019sche Stimme &#038; Video<\/p>\n<p>\/\/ Implant<br \/>\nJEFFERY MORGAN \u2013 Saxophon<br \/>\nMATTHIAS KAISER \u2013 Violine, electronics<br \/>\nKONRAD D\u00d6PPERT \u2013<br \/>\nSyntheziser, amplified objects<\/p>\n<p><a href=\"http:\/\/www.koelner-musiknacht.de\/deu\/archiv2007\/deu\/index.html\">www.koelner-musiknacht.de<\/a><\/p>\n","protected":false},"excerpt":{"rendered":"<p>15. September 2007 Moltkerei, K\u00f6ln Im Rahmen der K\u00f6lner Musiknacht Achim TANG Bettina WENZEL Jeffery MORGAN Matthias KAISER Konrad D\u00d6PPERT<\/p>\n","protected":false},"author":1,"featured_media":0,"comment_status":"closed","ping_status":"closed","sticky":false,"template":"","format":"standard","meta":[],"categories":[58],"tags":[],"_links":{"self":[{"href":"https:\/\/www.gerngesehen.de\/index.php?rest_route=\/wp\/v2\/posts\/189"}],"collection":[{"href":"https:\/\/www.gerngesehen.de\/index.php?rest_route=\/wp\/v2\/posts"}],"about":[{"href":"https:\/\/www.gerngesehen.de\/index.php?rest_route=\/wp\/v2\/types\/post"}],"author":[{"embeddable":true,"href":"https:\/\/www.gerngesehen.de\/index.php?rest_route=\/wp\/v2\/users\/1"}],"replies":[{"embeddable":true,"href":"https:\/\/www.gerngesehen.de\/index.php?rest_route=%2Fwp%2Fv2%2Fcomments&post=189"}],"version-history":[{"count":2,"href":"https:\/\/www.gerngesehen.de\/index.php?rest_route=\/wp\/v2\/posts\/189\/revisions"}],"predecessor-version":[{"id":191,"href":"https:\/\/www.gerngesehen.de\/index.php?rest_route=\/wp\/v2\/posts\/189\/revisions\/191"}],"wp:attachment":[{"href":"https:\/\/www.gerngesehen.de\/index.php?rest_route=%2Fwp%2Fv2%2Fmedia&parent=189"}],"wp:term":[{"taxonomy":"category","embeddable":true,"href":"https:\/\/www.gerngesehen.de\/index.php?rest_route=%2Fwp%2Fv2%2Fcategories&post=189"},{"taxonomy":"post_tag","embeddable":true,"href":"https:\/\/www.gerngesehen.de\/index.php?rest_route=%2Fwp%2Fv2%2Ftags&post=189"}],"curies":[{"name":"wp","href":"https:\/\/api.w.org\/{rel}","templated":true}]}}