{"id":1744,"date":"2019-05-29T12:08:26","date_gmt":"2019-05-29T10:08:26","guid":{"rendered":"http:\/\/www.gerngesehen.de\/?p=1744"},"modified":"2020-07-22T16:01:05","modified_gmt":"2020-07-22T14:01:05","slug":"memory-garden","status":"publish","type":"post","link":"https:\/\/www.gerngesehen.de\/?p=1744","title":{"rendered":"MEMORY GARDEN"},"content":{"rendered":"<p>Er\u00f6ffnung \/\u00a0 Mi \/ 16 h<br \/>\n<strong>19. Juni 2019<\/strong><span class=\"s1\"><br \/>\nK\u00d6LN<br \/>\n<\/span>Museum Schn\u00fctgen, Garten von St. C\u00e4cilien<br \/>\nC\u00e4cilienstr. 29-33<\/p>\n<p><span style=\"color: #000000;\">VERL\u00c4NGERT:<\/span><br \/>\n<span style=\"color: #000000;\"> Ausstellung: 20. Juni \u2013 28. Juli 2019<br \/>\n<\/span><br \/>\n\u00d6ffnungszeiten: Di \u2013So: 10\u201318 Uhr\u00a0 \/ Do: 10\u201320 Uhr<br \/>\nBesuch nur mit Eintrittskarte Romanischer Sommer oder<br \/>\nMuseumseintritt 6 \u20ac<\/p>\n<hr \/>\n<p>Merzouga\u00a0(Eva P\u00f6pplein &amp; Janko Hanushevsky)<b><br \/>\n<\/b><\/p>\n<p><b>Memory Garden\u00a0<\/b>\u2013 <span style=\"color: #1d2129;\">eine 10 Kanal-Klangkomposition (36:30 Minuten) von <\/span>Merzouga\u00a0(Eva P\u00f6pplein &amp; Janko Hanushevsky)\u00a0<span style=\"color: #1d2129;\">f\u00fcr den wenig bekannten Heilpflanzen-Garten von St C\u00e4cilien \/ Museum Schn\u00fctgen, K\u00f6ln. <\/span><br \/>\n<b><br \/>\n<\/b>Lautsprecher in die Beete gepflanzt wie Klangbl\u00fcten. Unerwartet schweben leise Kl\u00e4nge durch den Garten, laden zum Innehalten ein, zum Verweilen, vermischen sich mit dem Stadtklang. Der Garten mit den Heilkr\u00e4utern, nachempfunden den alten Klosterg\u00e4rten, transformiert sich. Die Kr\u00e4uter verstr\u00f6men \u00e4therische D\u00fcfte und stimulierende Klangfarben. Auf der Suche nach den im sprie\u00dfenden Gr\u00fcn verborgenen Schallquellen ver\u00e4ndert sich der Garten in der Wahrnehmung der Besucher*innen. Das benachbarte Rautenstrauch-Joest-Museum wird zum Klangfernrohr.<br \/>\nVergessene Kl\u00e4nge ferner, im kolonialen Rausch(en) untergegangener Kulturen wehen in den Garten, verbinden sich mit dem Klangvokabular Merzougas. Gongs aus einem laotischen Tempel, ein nordindisches Mantra, der L\u00e4rm einer indischen Gro\u00dfstadt, Tropenregen, das Vollmondritual der brasilianischen Patax\u00f3, der Gesang eines feuerl\u00e4ndischen Medizinmanns. Historische Wachszylinder\u00b9\u00a0des Berliner Phonogramm-Archivs, vergessene Ges\u00e4nge aus Afrika, Ozeanien, Indonesien. Zeitzeugen uralter Kulturen auf den patinierten Wachszylindern bl\u00fchen noch einmal im Klostergarten von St. C\u00e4cilien, nur um gleich wieder zu verwehen. \u2013 Verg\u00e4ngliche Phantomgew\u00e4chse im Klanggarten von St.C\u00e4cilien.<\/p>\n<hr \/>\n<p><b>Der Garten St C\u00e4cilien\/Museum Schn\u00fctgen:<\/b> <span style=\"color: #222222;\">\u201eDie Bepflanzung mit Blumen, Kr\u00e4utern und B\u00e4umen, die wir aus mittelalterlichen Schriften kennen, erlaubt den Besuchern die sinnliche Wahrnehmung der Pflanzenwelt, deren Symbolik sie bereits in den ausgestellten Kunstwerken und Schriften begegnen konnten.\u201c<br \/>\n<\/span><\/p>\n<hr \/>\n<p><b>Merzouga<\/b>\u00a0(Eva P\u00f6pplein &amp;\u00a0Janko Hanushevsky)<br \/>\nSeit 2002 arbeiten die Computermusikerin Eva P\u00f6pplein und der E-Bassist und Radio-Autor Janko Hanushevsky als Duo miteinander. Sie spielen Konzerte, produzieren kulturelle Features und H\u00f6rspiele und komponieren Klangkunst, sowie Musik f\u00fcr H\u00f6rspiel, Theater und Film.<br \/>\nIhre Rundfunkproduktionen wurden von allen ARD-Anstalten, dem Schweizer Rundfunk, dem \u00f6sterreichischen, irischen, kroatischen, rum\u00e4nischen und finnischen Rundfunk gesendet und mehrfach international nominiert und ausgezeichnet. U.a. \u201cH\u00f6rspiel des Monats\u201d der Akademie der Darstellenden K\u00fcnste, Prix Marulic, Prix Phonurgia Nova, n-ost Reportagepreis, Prix Europa. Zwei Arbeiten wurden als Live-H\u00f6rspiele beim 1. &amp; 3. K\u00f6lner Kongress im Kammermusiksaal des Deutschlandfunks live aufgef\u00fchrt und live \u00fcbertragen. Ihre neue Klangkomposition mit dem Bariton Holger Falk wurde im April 2019 in der Elbphilharmonie Hamburg uraufgef\u00fchrt.<br \/>\nZusammenarbeit u.a. mit Christian Br\u00fcckner, Ueli J\u00e4ggi, Felix von Manteuffel, Leslie Malton, Lucas Niggli, Holger Falk, Gianluigi Trovesi, Peter Herbert und Marco Lobo. Kompositionen und Radioproduktionen entstanden u.a. f\u00fcr den finnischen Rundfunk YLEISRADIO, f\u00fcr Deutschlandfunk Kultur, Deutschlandfunk, WDR, HR, RBB, NDR, ZDF\/arte, M\u00fcnchner Volkstheater, schauspielfrankfurt, Volksoper Wien, Schauspielhaus Graz, Hebbel am Ufer Berlin und die Akademie Musiktheater heute.<br \/>\nKlangrecherchen f\u00fchrten sie u.a. nach Laos, Kambodscha und Vietnam, nach Indien, nach Nordafrika, in die Ukraine, nach Gr\u00f6nland und zuletzt nach Brasilien. Ihre CD-Ver\u00f6ffentlichungen werden vom Label GRUENREKORDER vertrieben. Die beiden leben und arbeiten in K\u00f6ln.<\/p>\n<hr \/>\n<p>WDR3 Radiobeitrag mosaik von\u00a0Claudia Dichter.<br \/>\n<a href=\"https:\/\/www1.wdr.de\/mediathek\/audio\/wdr3\/wdr3-mosaik\/audio-eine-reportage-der-begehbaren-klangkomposition-von-merzouga-100.html\" target=\"_blank\" rel=\"noopener noreferrer\">Link<\/a><\/p>\n<hr \/>\n<p>\u00b9Verwendung historischer Wachszylinder Aufnahmen des Berliner Phonogramm-Archivs mit freundlicher Genehmigung des Berliner Phonogramm-Archivs, Ethnologisches Museum, Staatliche Museen zu Berlin \u2013 Stiftung Preu\u00dfischer Kulturbesitz.<\/p>\n<hr \/>\n<p><em>In Zusammenarbeit mit Romanischer Sommer und Museum Schn\u00fctgen.<\/em><\/p>\n<p><img loading=\"lazy\" class=\"wp-image-1745 alignleft\" src=\"http:\/\/www.gerngesehen.de\/GG\/wp-content\/uploads\/2019\/05\/screenbild-300x183.jpg\" alt=\"\" width=\"600\" height=\"366\" srcset=\"https:\/\/www.gerngesehen.de\/GG\/wp-content\/uploads\/2019\/05\/screenbild-300x183.jpg 300w, https:\/\/www.gerngesehen.de\/GG\/wp-content\/uploads\/2019\/05\/screenbild-768x468.jpg 768w, https:\/\/www.gerngesehen.de\/GG\/wp-content\/uploads\/2019\/05\/screenbild-1024x624.jpg 1024w, https:\/\/www.gerngesehen.de\/GG\/wp-content\/uploads\/2019\/05\/screenbild.jpg 1189w\" sizes=\"(max-width: 600px) 100vw, 600px\" \/><\/p>\n","protected":false},"excerpt":{"rendered":"<p>19. Juni 2019<br \/>\nK\u00d6LN<br \/>\nMuseum Schn\u00fctgen, Garten von St. C\u00e4cilien<\/p>\n","protected":false},"author":1,"featured_media":1745,"comment_status":"closed","ping_status":"closed","sticky":false,"template":"","format":"standard","meta":[],"categories":[135],"tags":[],"_links":{"self":[{"href":"https:\/\/www.gerngesehen.de\/index.php?rest_route=\/wp\/v2\/posts\/1744"}],"collection":[{"href":"https:\/\/www.gerngesehen.de\/index.php?rest_route=\/wp\/v2\/posts"}],"about":[{"href":"https:\/\/www.gerngesehen.de\/index.php?rest_route=\/wp\/v2\/types\/post"}],"author":[{"embeddable":true,"href":"https:\/\/www.gerngesehen.de\/index.php?rest_route=\/wp\/v2\/users\/1"}],"replies":[{"embeddable":true,"href":"https:\/\/www.gerngesehen.de\/index.php?rest_route=%2Fwp%2Fv2%2Fcomments&post=1744"}],"version-history":[{"count":12,"href":"https:\/\/www.gerngesehen.de\/index.php?rest_route=\/wp\/v2\/posts\/1744\/revisions"}],"predecessor-version":[{"id":1919,"href":"https:\/\/www.gerngesehen.de\/index.php?rest_route=\/wp\/v2\/posts\/1744\/revisions\/1919"}],"wp:featuredmedia":[{"embeddable":true,"href":"https:\/\/www.gerngesehen.de\/index.php?rest_route=\/wp\/v2\/media\/1745"}],"wp:attachment":[{"href":"https:\/\/www.gerngesehen.de\/index.php?rest_route=%2Fwp%2Fv2%2Fmedia&parent=1744"}],"wp:term":[{"taxonomy":"category","embeddable":true,"href":"https:\/\/www.gerngesehen.de\/index.php?rest_route=%2Fwp%2Fv2%2Fcategories&post=1744"},{"taxonomy":"post_tag","embeddable":true,"href":"https:\/\/www.gerngesehen.de\/index.php?rest_route=%2Fwp%2Fv2%2Ftags&post=1744"}],"curies":[{"name":"wp","href":"https:\/\/api.w.org\/{rel}","templated":true}]}}