{"id":1529,"date":"2016-11-07T20:21:34","date_gmt":"2016-11-07T18:21:34","guid":{"rendered":"http:\/\/www.gerngesehen.de\/?p=1529"},"modified":"2020-07-22T20:57:24","modified_gmt":"2020-07-22T18:57:24","slug":"raumklange-klavier-erweitert-10","status":"publish","type":"post","link":"https:\/\/www.gerngesehen.de\/?p=1529","title":{"rendered":"Raumkl\u00e4nge \u2013 Klavier erweitert"},"content":{"rendered":"<p>Mi \/ 19 \u00a0h<strong><br \/>\n16. November 2016<\/strong><br \/>\nK\u00d6LN<br \/>\nKunst-Station Sankt Peter<br \/>\nJabachstr. 1<\/p>\n<p>Eintritt frei<\/p>\n<hr \/>\n<p>Doppelkonzert<br \/>\nhortus clavichordium<br \/>\nPost Scriptum<\/p>\n<p><strong>hortus clavichordium<\/strong><\/p>\n<p>Annette Maye, Klarinette<br \/>\nElisabeth Coudoux, Cello<br \/>\nhans w. koch, Clavichord &amp; Elektronik, Komposition und Konzeption<\/p>\n<p>Das Clavichord, dessen Geschichte bis ins Mittelalter zur\u00fcckreicht, erlaubt den Ton nach dem Anschlag noch durch Fingerdruck auf der Taste zu ver\u00e4ndern. Dadurch sind Spieltechniken wie z.B. Mikrot\u00f6ne und Vibrati m\u00f6glich, was erst im 20 Jahrhundert bei Synthesizern wieder Teil von Keyboards wurde. Erweitert um die M\u00f6glichkeiten von Live-Elektronik bildet das \u00e4u\u00dferst zarte Instrument zusammen mit Klarinette und Cello ein labyrinthisches Geflecht aus Melodien und Spielfiguren basierend auf Conrad Paumanns \u201eFundamentum Organisandi\u201c, einem der ersten Lehrb\u00fccher f\u00fcr Improvisation und Komposition. Geschrieben von einem blinden Organisten im 15. Jahrhundert, ist es eine Anleitung wie man Musik f\u00fcr Tasteninstrumente \u201eorganisiert\u201c, indem man zu einer Melodie<\/p>\n<p>Verzierungen und zus\u00e4tzliche Stimmen erfindet. In der Anh\u00e4ufung von fast mechanischen Spielfiguren, die wie Jazz Licks die Seiten f\u00fcllen wird das Clavichord einem Stresstest in Stimmhaltung unterzogen, bis die seltsamen alten Weisen \u00fcber die Grenzen der wohltemperierten Musik hinauswachsen. hortus clavichordium bezieht sich auf die im Sp\u00e4tmittelalter und der Renaissance weit verbreitete Garten-Metaphorik. \u00a0Text: hans w. koch<\/p>\n<p>hans w. koch <a href=\"http:\/\/www.hans-w-koch.net\/\" target=\"_blank\" rel=\"noopener noreferrer\">www.hans-w-koch.net\/<\/a><\/p>\n<p>Annette Maye \u00a0<a href=\"http:\/\/www.annettemaye.com\/\" target=\"_blank\" rel=\"noopener noreferrer\">www.annettemaye.com<br \/>\n<\/a><a href=\"https:\/\/www.facebook.com\/annettemaye1\/\" target=\"_blank\" rel=\"noopener noreferrer\">www.facebook.com\/annettemaye1\/<\/a><\/p>\n<p>Elisabeth Coudoux <a href=\"http:\/\/www.elisabeth-fuegemann.com\/\" target=\"_blank\" rel=\"noopener noreferrer\"><br \/>\nwww.elisabeth-fuegemann.com<br \/>\n<\/a><a href=\"https:\/\/www.facebook.com\/elisabeth.coudoux?fref=ts\" target=\"_blank\" rel=\"noopener noreferrer\">www.facebook.com\/elisabeth.coudoux?fref=ts<\/a><\/p>\n<p>&#8212;-<br \/>\n<strong>Post Scriptum<br \/>\n<\/strong>Komposition f\u00fcr Kirchenorgel, Mechanik, Elektronik und Projektion<\/p>\n<p>Hannes Hoelzl, Elektronik<br \/>\nChristian F. Schiller, Orgel<br \/>\nMichal Kindernay, live-video<\/p>\n<p>Ansonsten nicht h\u00f6rbare Zwischent\u00f6ne der Kirchenorgel klingen durch erweiterte Spieltechniken. Der Komponist Schiller, gemeinsam mit dem Medienk\u00fcnstler Alfred Lenz, entwickelten eine spezielle Orgelmechanik. Schiller erforscht mit der eingesetzten Spezialmechanik Klangregionen der Orgel, die weit subtiler und fragiler sind als das herk\u00f6mmliche Repertoire, zwischen Stabilit\u00e4t, Chaos und Stille. Der Computer \u00fcbernimmt jene Teile des musikalischen Spektrums, die der Orgel trotz ihrer Klangf\u00fclle aufgrund ihrer Bauart vorenthalten bleiben: von feinen Abstufungen in den Lautst\u00e4rken \u00fcber Modulationen der Klangfarben bis zur pr\u00e4zise orchestrierten, r\u00e4umlichen Verteilung der Musik im Kirchenschiff, was den Klangraum der Kirche in besonderer Weise zur Geltung kommen l\u00e4sst. Das Zusammenspiel des Komponisten, dessen Handwerk \u00fcblicherweise das Aufschreiben von Musik ist, und des Computermusikers, der Programme schreibt, Handlungsvorschriften f\u00fcr Maschinen, um Musik zu erzeugen, visualisiert Michal Kindernay architekturbezogen. Text: Christian F. Schiller<\/p>\n<p>Christian F. Schiller <a href=\"http:\/\/in-dust.org\/\" target=\"_blank\" rel=\"noopener noreferrer\"><br \/>\nin-dust.org\/<\/a><\/p>\n<p>Hannes Hoelzl<br \/>\n<a href=\"http:\/\/www.earweego.net\/\" target=\"_blank\" rel=\"noopener noreferrer\">www.earweego.net\/<\/a><\/p>\n<p>Michal Kindernay<br \/>\n<a href=\"http:\/\/yo-yo-yo.org\/mk.html\" target=\"_blank\" rel=\"noopener noreferrer\">yo-yo-yo.org\/mk.html<\/a><\/p>\n<p>&#8212;-<\/p>\n<hr \/>\n<p><a href=\"http:\/\/www.raumklaenge.de\" target=\"_blank\" rel=\"noopener noreferrer\">www.raumklaenge.de<\/a><\/p>\n<p><em>Die Reihe Raumkl\u00e4nge \u2013 Klavier erweitert versteht sich als Plattform f\u00fcr raumerforschende K\u00fcnste, Musik, H\u00f6rstudien und erweiterte Auff\u00fchrungspraxis. Vorgestellt werden Klaviere als Raumk\u00f6rper, in ihrer ganzen Klangfarbenbreite zwischen Musik, Klangkunst und Performance. Mal ernst, mal im Beat popul\u00e4rer Musik oder mit augenzwinkerndem spitzb\u00fcbischem Witz mechanischer und elektronischer Klavier-Klang-Apparate.<\/em><\/p>\n<p><em>In der f\u00fcnften Zusammenarbeit der Kulturabteilung der Stadt Pulheim mit dem K\u00f6lner K\u00fcnstler-Kurator Georg Dietzler st\u00f6\u00dft das Museum Morsbroich als neuer Kooperationspartner hinzu.<\/em><\/p>\n<p><em>Raumkl\u00e4nge \u2013 Klavier erweitert, eine Kooperation im Rahmen der regionalen Kulturpolitik NRW, der Stadt Pulheim, Museum Morsbroich und freies rheinland e.V. in Zusammenarbeit mit ON \u2013 Neue Musik, K\u00f6ln wird gef\u00f6rdert vom Ministerium f\u00fcr Familie, Kinder, Jugend, Kultur und Sport des Landes Nordrhein-Westfalen, Kultursekretariat NRW G\u00fctersloh, Konzert des Deutschen Musikrates.<\/em><\/p>\n<p><em>Die Ausstellungen im Matj\u00f6 \u2013 Raum f\u00fcr Kunst des Kulturwerks des BBK K\u00f6ln e.V. werden erm\u00f6glicht durch die F\u00f6rderung der Stadt K\u00f6ln, Kulturamt und der RheinEnergie Stiftung Kultur.<\/em><\/p>\n<p><img loading=\"lazy\" class=\"size-full wp-image-1543 alignleft\" title=\"16102016\" src=\"http:\/\/www.gerngesehen.de\/GG\/wp-content\/uploads\/2016\/11\/16102016.jpg\" alt=\"16102016\" width=\"427\" height=\"850\" srcset=\"https:\/\/www.gerngesehen.de\/GG\/wp-content\/uploads\/2016\/11\/16102016.jpg 427w, https:\/\/www.gerngesehen.de\/GG\/wp-content\/uploads\/2016\/11\/16102016-150x300.jpg 150w\" sizes=\"(max-width: 427px) 100vw, 427px\" \/><\/p>\n","protected":false},"excerpt":{"rendered":"<p>16. November 2016<br \/>\nK\u00d6LN<br \/>\nKunst-Station Stankt Peter<\/p>\n","protected":false},"author":1,"featured_media":2182,"comment_status":"closed","ping_status":"closed","sticky":false,"template":"","format":"standard","meta":[],"categories":[130,122],"tags":[],"_links":{"self":[{"href":"https:\/\/www.gerngesehen.de\/index.php?rest_route=\/wp\/v2\/posts\/1529"}],"collection":[{"href":"https:\/\/www.gerngesehen.de\/index.php?rest_route=\/wp\/v2\/posts"}],"about":[{"href":"https:\/\/www.gerngesehen.de\/index.php?rest_route=\/wp\/v2\/types\/post"}],"author":[{"embeddable":true,"href":"https:\/\/www.gerngesehen.de\/index.php?rest_route=\/wp\/v2\/users\/1"}],"replies":[{"embeddable":true,"href":"https:\/\/www.gerngesehen.de\/index.php?rest_route=%2Fwp%2Fv2%2Fcomments&post=1529"}],"version-history":[{"count":6,"href":"https:\/\/www.gerngesehen.de\/index.php?rest_route=\/wp\/v2\/posts\/1529\/revisions"}],"predecessor-version":[{"id":2184,"href":"https:\/\/www.gerngesehen.de\/index.php?rest_route=\/wp\/v2\/posts\/1529\/revisions\/2184"}],"wp:featuredmedia":[{"embeddable":true,"href":"https:\/\/www.gerngesehen.de\/index.php?rest_route=\/wp\/v2\/media\/2182"}],"wp:attachment":[{"href":"https:\/\/www.gerngesehen.de\/index.php?rest_route=%2Fwp%2Fv2%2Fmedia&parent=1529"}],"wp:term":[{"taxonomy":"category","embeddable":true,"href":"https:\/\/www.gerngesehen.de\/index.php?rest_route=%2Fwp%2Fv2%2Fcategories&post=1529"},{"taxonomy":"post_tag","embeddable":true,"href":"https:\/\/www.gerngesehen.de\/index.php?rest_route=%2Fwp%2Fv2%2Ftags&post=1529"}],"curies":[{"name":"wp","href":"https:\/\/api.w.org\/{rel}","templated":true}]}}