{"id":1523,"date":"2016-10-31T20:16:33","date_gmt":"2016-10-31T18:16:33","guid":{"rendered":"http:\/\/www.gerngesehen.de\/?p=1523"},"modified":"2020-09-17T20:33:02","modified_gmt":"2020-09-17T18:33:02","slug":"raumklange-klavier-erweitert-9","status":"publish","type":"post","link":"https:\/\/www.gerngesehen.de\/?p=1523","title":{"rendered":"Raumkl\u00e4nge \u2013 Klavier erweitert"},"content":{"rendered":"<p>Ausstellung<br \/>\nER\u00d6FFNUNG<\/p>\n<p><!-- p.p1 {margin: 0.0px 0.0px 0.0px 0.0px; font: 13.0px Verdana; -webkit-text-stroke: #000000} span.s1 {font-kerning: none} -->Chordeograph C2aa<br \/>\nGero Koenig<\/p>\n<p><strong>10. November 2016<\/strong> \/ Do \/ 19 &nbsp;h<br \/>\nK\u00d6LN, Matj\u00f6 \u2013 Raum f\u00fcr Kunst des BBK, Matthiasstr. 15<\/p>\n<p>Eintritt frei<br \/>\nGe\u00f6ffnet 15. Nov.\u201317. Nov. 2016<br \/>\nDi\u2013Do 15-18 Uhr, u.n.V. \u00ad<\/p>\n<p>Klangperformance in der Ausstellung am 10. November 2016, 20:30 h und am 17. November 2016, 20 h.<\/p>\n<p>Koenig verbindet Musik, Zeichnungen und Videokunst, seine grafischen Partituren sind systematische Malereien, sein Instrument eine dreidimensionale Zeichnung und kinetische Plastik.<\/p>\n<p>Chordeograph C2aa steht f\u00fcr Chordeograph 2 augmented analysis, einem von Gero Koenig entwickelten Instrument, vergleichbar einer Klangskulptur. F\u00fcr Chordeograph C2aa hat Koenig interaktive, bewegungsgesteuerte, graphische Videopartituren geschrieben f\u00fcr computergest\u00fctzte Echtzeit Klangerzeugung, &#8211; Projektionen f\u00fcr bewegungsgesteuerte Aktionen.<\/p>\n<p>Gero Koenig, ist Komponist, Musiker, Performer und Medienk\u00fcnstler sowie Instrumentenentwickler. Seit 2006 arbeitet Koenig immer wieder mit dem K\u00fcnstler-Kurator Georg Dietzler zusammen. GD pr\u00e4sentierte Chordeograph in Ausstellungen und Performances, ist seit der ersten Version von Chordeograph gelegentlich Projektberater f\u00fcr Koenig.<\/p>\n<p><a href=\"http:\/\/www.chordeograph.de\/\">www.chordeograph.de<\/a><\/p>\n<hr>\n<p><a href=\"http:\/\/www.raumklaenge.de\" target=\"_blank\" rel=\"noopener noreferrer\">www.raumklaenge.de<\/a><\/p>\n<p><em>Die Reihe Raumkl\u00e4nge \u2013 Klavier erweitert versteht sich als Plattform f\u00fcr raumerforschende K\u00fcnste, Musik, H\u00f6rstudien und erweiterte Auff\u00fchrungspraxis. Vorgestellt werden Klaviere als Raumk\u00f6rper, in ihrer ganzen Klangfarbenbreite zwischen Musik, Klangkunst und Performance. Mal ernst, mal im Beat popul\u00e4rer Musik oder mit augenzwinkerndem spitzb\u00fcbischem Witz mechanischer und elektronischer Klavier-Klang-Apparate.<\/em><\/p>\n<p><em>In der f\u00fcnften Zusammenarbeit der Kulturabteilung der Stadt Pulheim mit dem K\u00f6lner K\u00fcnstler-Kurator Georg Dietzler st\u00f6\u00dft das Museum Morsbroich als neuer Kooperationspartner hinzu.<\/em><\/p>\n<p><em>Raumkl\u00e4nge \u2013 Klavier erweitert, eine Kooperation im Rahmen der regionalen Kulturpolitik NRW, der Stadt Pulheim, Museum Morsbroich und freies rheinland e.V. in Zusammenarbeit mit ON \u2013 Neue Musik, K\u00f6ln wird gef\u00f6rdert vom Ministerium f\u00fcr Familie, Kinder, Jugend, Kultur und Sport des Landes Nordrhein-Westfalen, Kultursekretariat NRW G\u00fctersloh, Konzert des Deutschen Musikrates.<\/em><\/p>\n<p><em>Die Ausstellungen im Matj\u00f6 \u2013 Raum f\u00fcr Kunst des Kulturwerks des BBK K\u00f6ln e.V. werden erm\u00f6glicht durch die F\u00f6rderung der Stadt K\u00f6ln, Kulturamt und der RheinEnergie Stiftung Kultur.<\/em><\/p>\n","protected":false},"excerpt":{"rendered":"<p>10. Nov 2016<br \/>\nK\u00d6LN<\/p>\n","protected":false},"author":1,"featured_media":1537,"comment_status":"closed","ping_status":"closed","sticky":false,"template":"","format":"standard","meta":[],"categories":[130,122],"tags":[],"_links":{"self":[{"href":"https:\/\/www.gerngesehen.de\/index.php?rest_route=\/wp\/v2\/posts\/1523"}],"collection":[{"href":"https:\/\/www.gerngesehen.de\/index.php?rest_route=\/wp\/v2\/posts"}],"about":[{"href":"https:\/\/www.gerngesehen.de\/index.php?rest_route=\/wp\/v2\/types\/post"}],"author":[{"embeddable":true,"href":"https:\/\/www.gerngesehen.de\/index.php?rest_route=\/wp\/v2\/users\/1"}],"replies":[{"embeddable":true,"href":"https:\/\/www.gerngesehen.de\/index.php?rest_route=%2Fwp%2Fv2%2Fcomments&post=1523"}],"version-history":[{"count":6,"href":"https:\/\/www.gerngesehen.de\/index.php?rest_route=\/wp\/v2\/posts\/1523\/revisions"}],"predecessor-version":[{"id":2417,"href":"https:\/\/www.gerngesehen.de\/index.php?rest_route=\/wp\/v2\/posts\/1523\/revisions\/2417"}],"wp:featuredmedia":[{"embeddable":true,"href":"https:\/\/www.gerngesehen.de\/index.php?rest_route=\/wp\/v2\/media\/1537"}],"wp:attachment":[{"href":"https:\/\/www.gerngesehen.de\/index.php?rest_route=%2Fwp%2Fv2%2Fmedia&parent=1523"}],"wp:term":[{"taxonomy":"category","embeddable":true,"href":"https:\/\/www.gerngesehen.de\/index.php?rest_route=%2Fwp%2Fv2%2Fcategories&post=1523"},{"taxonomy":"post_tag","embeddable":true,"href":"https:\/\/www.gerngesehen.de\/index.php?rest_route=%2Fwp%2Fv2%2Ftags&post=1523"}],"curies":[{"name":"wp","href":"https:\/\/api.w.org\/{rel}","templated":true}]}}