{"id":1500,"date":"2016-10-31T16:24:11","date_gmt":"2016-10-31T14:24:11","guid":{"rendered":"http:\/\/www.gerngesehen.de\/?p=1500"},"modified":"2020-07-22T20:43:26","modified_gmt":"2020-07-22T18:43:26","slug":"raumklange-%e2%80%93-klavier-erweitert-7","status":"publish","type":"post","link":"https:\/\/www.gerngesehen.de\/?p=1500","title":{"rendered":"Raumkl\u00e4nge \u2013 Klavier erweitert"},"content":{"rendered":"<p>Konzert<\/p>\n<p>onemanband<br \/>\nDorrit Bauerecker<strong> <\/strong><\/p>\n<p><strong> <\/strong><\/p>\n<p><strong>30. Oktober 2016<\/strong> \/ So \/ 15 \u00a0h<br \/>\nLEVERKUSEN, Museum Morsbroich,<br \/>\nGustav-Heinemann-Stra\u00dfe 80<\/p>\n<p><!--more--><img loading=\"lazy\" class=\"alignright size-full wp-image-1533\" title=\"30102016\" src=\"http:\/\/www.gerngesehen.de\/GG\/wp-content\/uploads\/2016\/10\/30102016.jpg\" alt=\"30102016\" width=\"400\" height=\"382\" srcset=\"https:\/\/www.gerngesehen.de\/GG\/wp-content\/uploads\/2016\/10\/30102016.jpg 400w, https:\/\/www.gerngesehen.de\/GG\/wp-content\/uploads\/2016\/10\/30102016-300x286.jpg 300w\" sizes=\"(max-width: 400px) 100vw, 400px\" \/><br \/>\nMuseumseintritt 5,50 \u20ac<br \/>\nerm\u00e4\u00dfigt 4,00 \u20ac<br \/>\nbeinhaltet Konzertbesuch<\/p>\n<p><strong>Dorrit Bauerecker<\/strong><br \/>\nKlavier, Akkordeon, Toypiano und Zusatzinstrumente<\/p>\n<p>In ihrem Soloprogramm onemanband verbindet Dorrit Bauerecker zeitgen\u00f6ssische Musik mit Elementen aus den Unterhaltungsgenres und macht die B\u00fchne zum Spiel-Platz: Hier treffen sich Entertainment und multi-tasking-Virtuosit\u00e4t, die Interpretin wird zu einer experimentellen Alleinunterhalterin.<\/p>\n<p>Werke des Komponisten Moritz Eggert aus der Reihe &#8222;H\u00e4mmerklavier&#8220; stehen im Mittelpunkt des Programms. Als Grenzg\u00e4nger der Musikgenres integriert er in seine Kompositionen nicht nur Elemente der Popmusik, sondern auch neue Formen von performativen Elementen, die der Konzertsaalnormalit\u00e4t widersprechen.<\/p>\n<p>Neue Kompositionen f\u00fcr Akkordeon von Oxana Omelchuk und Niklas Seidl lassen dar\u00fcberhinaus janusk\u00f6pfige Klangk\u00f6rper erscheinen: ein Orchestrion des 21.Jahrhunderts und ein Schifferklavier mit Retroelektronik, die gleichzeitig in die Vergangenheit wie in die Zukunft weisen.<\/p>\n<p>Dorrit Bauerecker steht als Pianistin und Akkordeonistin in ganz gegens\u00e4tzlichen stilistischen Bereichen auf der B\u00fchne. Ihre Erfahrungen aus modernen Musiktheater-Inszenierungen und musikalisch-kabarettistischen Programmen flie\u00dfen in diesem Programm zusammen. Sie war dieses Jahr u.a. auf dem Festival Acht Br\u00fccken in K\u00f6ln sowie der Muziekbiennale Niederrhein und dem Oberstdorfer Musiksommer zu h\u00f6ren. Beim WDR spielt sie gerade ihr letztes Soloprogramm \u201eInner Cities\u201c ein, das 2017 auf CD erscheint.<\/p>\n<p><a href=\"http:\/\/www.dorritbauerecker.de\" target=\"_blank\" rel=\"noopener noreferrer\"> www.dorritbauerecker.de<\/a><br \/>\n&#8212;-<\/p>\n<p><a href=\"http:\/\/www.raumklaenge.de\" target=\"_blank\" rel=\"noopener noreferrer\"><\/a><\/p>\n<p><a href=\"http:\/\/www.raumklaenge.de\" target=\"_blank\" rel=\"noopener noreferrer\"><\/a><\/p>\n<p><a href=\"http:\/\/www.raumklaenge.de\" target=\"_blank\" rel=\"noopener noreferrer\">www.raumklaenge.de<\/a><\/p>\n<p><em>Die Reihe Raumkl\u00e4nge \u2013 Klavier erweitert versteht sich als Plattform f\u00fcr raumerforschende K\u00fcnste, Musik, H\u00f6rstudien und erweiterte Auff\u00fchrungspraxis. Vorgestellt werden Klaviere als Raumk\u00f6rper, in ihrer ganzen Klangfarbenbreite zwischen Musik, Klangkunst und Performance. Mal ernst, mal im Beat popul\u00e4rer Musik oder mit augenzwinkerndem spitzb\u00fcbischem Witz mechanischer und elektronischer Klavier-Klang-Apparate.<\/em><\/p>\n<p><em> <\/em><\/p>\n<p><em>In der f\u00fcnften Zusammenarbeit der Kulturabteilung der Stadt Pulheim mit dem K\u00f6lner K\u00fcnstler-Kurator Georg Dietzler st\u00f6\u00dft das Museum Morsbroich als neuer Kooperationspartner hinzu.<\/em><\/p>\n<p><em> <\/em><\/p>\n<p><em> <\/em><\/p>\n<p><em>Raumkl\u00e4nge \u2013 Klavier erweitert, eine Kooperation im Rahmen der regionalen Kulturpolitik NRW, der Stadt Pulheim, Museum Morsbroich und freies rheinland e.V. in Zusammenarbeit mit ON \u2013 Neue Musik, K\u00f6ln wird gef\u00f6rdert vom Ministerium f\u00fcr Familie, Kinder, Jugend, Kultur und Sport des Landes Nordrhein-Westfalen, Kultursekretariat NRW G\u00fctersloh, Konzert des Deutschen Musikrates. <\/em><\/p>\n<p><em>Die Ausstellungen im Matj\u00f6 \u2013 Raum f\u00fcr Kunst des Kulturwerks des BBK K\u00f6ln e.V. werden erm\u00f6glicht durch die F\u00f6rderung der Stadt K\u00f6ln, Kulturamt und der RheinEnergie Stiftung Kultur.<\/em><\/p>\n","protected":false},"excerpt":{"rendered":"<p>Konzert onemanband Dorrit Bauerecker 30. Oktober 2016 \/ So \/ 15 \u00a0h LEVERKUSEN, Museum Morsbroich, Gustav-Heinemann-Stra\u00dfe 80<\/p>\n","protected":false},"author":1,"featured_media":0,"comment_status":"closed","ping_status":"closed","sticky":false,"template":"","format":"standard","meta":[],"categories":[130,122],"tags":[],"_links":{"self":[{"href":"https:\/\/www.gerngesehen.de\/index.php?rest_route=\/wp\/v2\/posts\/1500"}],"collection":[{"href":"https:\/\/www.gerngesehen.de\/index.php?rest_route=\/wp\/v2\/posts"}],"about":[{"href":"https:\/\/www.gerngesehen.de\/index.php?rest_route=\/wp\/v2\/types\/post"}],"author":[{"embeddable":true,"href":"https:\/\/www.gerngesehen.de\/index.php?rest_route=\/wp\/v2\/users\/1"}],"replies":[{"embeddable":true,"href":"https:\/\/www.gerngesehen.de\/index.php?rest_route=%2Fwp%2Fv2%2Fcomments&post=1500"}],"version-history":[{"count":9,"href":"https:\/\/www.gerngesehen.de\/index.php?rest_route=\/wp\/v2\/posts\/1500\/revisions"}],"predecessor-version":[{"id":1502,"href":"https:\/\/www.gerngesehen.de\/index.php?rest_route=\/wp\/v2\/posts\/1500\/revisions\/1502"}],"wp:attachment":[{"href":"https:\/\/www.gerngesehen.de\/index.php?rest_route=%2Fwp%2Fv2%2Fmedia&parent=1500"}],"wp:term":[{"taxonomy":"category","embeddable":true,"href":"https:\/\/www.gerngesehen.de\/index.php?rest_route=%2Fwp%2Fv2%2Fcategories&post=1500"},{"taxonomy":"post_tag","embeddable":true,"href":"https:\/\/www.gerngesehen.de\/index.php?rest_route=%2Fwp%2Fv2%2Ftags&post=1500"}],"curies":[{"name":"wp","href":"https:\/\/api.w.org\/{rel}","templated":true}]}}