{"id":1485,"date":"2016-10-13T11:45:56","date_gmt":"2016-10-13T09:45:56","guid":{"rendered":"http:\/\/www.gerngesehen.de\/?p=1485"},"modified":"2020-07-22T20:43:40","modified_gmt":"2020-07-22T18:43:40","slug":"raumklange-%e2%80%93-klavier-erweitert-6","status":"publish","type":"post","link":"https:\/\/www.gerngesehen.de\/?p=1485","title":{"rendered":"Raumkl\u00e4nge \u2013 Klavier erweitert"},"content":{"rendered":"<p>PERFORMANCE IN DER AUSSTELLUNG<br \/>\nzu Gast im Matj\u00f6<\/p>\n<p>Erwin Stache<\/p>\n<p><strong>21. Oktober 2016<\/strong> \/ Fr \/ 18 \u00a0h<br \/>\nK\u00d6LN, Matj\u00f6 \u2013 Raum f\u00fcr Kunst des BBK, Matthiasstr. 15<br \/>\nEintritt frei<\/p>\n<p><!--more--><img loading=\"lazy\" class=\"alignright size-full wp-image-1489\" title=\"RK_211016_Stache\" src=\"http:\/\/www.gerngesehen.de\/GG\/wp-content\/uploads\/2016\/10\/RK_211016_Stache.jpg\" alt=\"RK_211016_Stache\" width=\"400\" height=\"399\" srcset=\"https:\/\/www.gerngesehen.de\/GG\/wp-content\/uploads\/2016\/10\/RK_211016_Stache.jpg 400w, https:\/\/www.gerngesehen.de\/GG\/wp-content\/uploads\/2016\/10\/RK_211016_Stache-150x150.jpg 150w, https:\/\/www.gerngesehen.de\/GG\/wp-content\/uploads\/2016\/10\/RK_211016_Stache-300x299.jpg 300w\" sizes=\"(max-width: 400px) 100vw, 400px\" \/>Erwin Stache, Klangperformance zur Ausstellung Piano Kabinett, mechanische und elektronische Klang-Kunst-Objekte rund ums Klavier.<br \/>\n<a href=\"http:\/\/www.erwin-stache.de\/\" target=\"_blank\" rel=\"noopener noreferrer\">www.erwin-stache.de<\/a><br \/>\n&#8212;-<\/p>\n<p>Im Rahmen von AIC* ON 2016 &#8211; Sonder\u00f6ffnungszeiten der Ausstellung am 21.Oktober, 17\u201320 Uhr. *ART INITIATIVES COLOGNE (AIC) ist ein Netzwerk freier, nicht kommerzieller Kunst- und Projektr\u00e4ume, Kunstinitiativen und Festivals in K\u00f6ln.<br \/>\n<a href=\"http:\/\/www.aic.cologne\" target=\"_blank\" rel=\"noopener noreferrer\">www.aic.cologne <\/a><\/p>\n<p>Die Reihe Raumkl\u00e4nge \u2013 Klavier erweitert versteht sich als Plattform f\u00fcr raumerforschende K\u00fcnste, Musik, H\u00f6rstudien und erweiterte Auff\u00fchrungspraxis. Vorgestellt werden Klaviere als Raumk\u00f6rper, in ihrer ganzen Klangfarbenbreite zwischen Musik, Klangkunst und Performance. Mal ernst, mal im Beat popul\u00e4rer Musik oder mit augenzwinkerndem, spitzb\u00fcbischem Witz mechanischer und elektronischer Klavier-Klang-Apparate.<\/p>\n<p>In der f\u00fcnften Zusammenarbeit der Kulturabteilung der Stadt Pulheim mit dem K\u00f6lner K\u00fcnstler-Kurator Georg Dietzler st\u00f6\u00dft das Museum Morsbroich als neuer Kooperationspartner hinzu. Raumkl\u00e4nge \u2013 Klavier erweitert, eine Kooperation im Rahmen der regionalen Kulturpolitik NRW, der Stadt Pulheim, Museum Morsbroich und freies rheinland e.V. in Zusammenarbeit mit ON \u2013 Neue Musik, K\u00f6ln wird gef\u00f6rdert vom Ministerium f\u00fcr Familie, Kinder, Jugend, Kultur und Sport des Landes Nordrhein-Westfalen, Kultursekretariat NRW G\u00fctersloh, Konzert des Deutschen Musikrates.<\/p>\n<p><a href=\"http:\/\/www.raumklaenge.de\" target=\"_blank\" rel=\"noopener noreferrer\"><\/a><\/p>\n<p><a href=\"http:\/\/www.raumklaenge.de\" target=\"_blank\" rel=\"noopener noreferrer\"><\/a><\/p>\n<p><a href=\"http:\/\/www.raumklaenge.de\" target=\"_blank\" rel=\"noopener noreferrer\">www.raumklaenge.de<\/a><\/p>\n<p><em>Die Reihe Raumkl\u00e4nge \u2013 Klavier erweitert versteht sich als Plattform f\u00fcr raumerforschende K\u00fcnste, Musik, H\u00f6rstudien und erweiterte Auff\u00fchrungspraxis. Vorgestellt werden Klaviere als Raumk\u00f6rper, in ihrer ganzen Klangfarbenbreite zwischen Musik, Klangkunst und Performance. Mal ernst, mal im Beat popul\u00e4rer Musik oder mit augenzwinkerndem spitzb\u00fcbischem Witz mechanischer und elektronischer Klavier-Klang-Apparate.<\/p>\n<p>In der f\u00fcnften Zusammenarbeit der Kulturabteilung der Stadt Pulheim mit dem K\u00f6lner K\u00fcnstler-Kurator Georg Dietzler st\u00f6\u00dft das Museum Morsbroich als neuer Kooperationspartner hinzu.<\/p>\n<p>Raumkl\u00e4nge \u2013 Klavier erweitert, eine Kooperation im Rahmen der regionalen Kulturpolitik NRW, der Stadt Pulheim, Museum Morsbroich und freies rheinland e.V. in Zusammenarbeit mit ON \u2013 Neue Musik, K\u00f6ln wird gef\u00f6rdert vom Ministerium f\u00fcr Familie, Kinder, Jugend, Kultur und Sport des Landes Nordrhein-Westfalen, Kultursekretariat NRW G\u00fctersloh, Konzert des Deutschen Musikrates.<\/p>\n<p>Die Ausstellungen im Matj\u00f6 \u2013 Raum f\u00fcr Kunst des Kulturwerks des BBK K\u00f6ln e.V. werden erm\u00f6glicht durch die F\u00f6rderung der Stadt K\u00f6ln, Kulturamt und der RheinEnergie Stiftung Kultur.<\/em><\/p>\n","protected":false},"excerpt":{"rendered":"<p>PERFORMANCE IN DER AUSSTELLUNG zu Gast im Matj\u00f6 Erwin Stache 21. Oktober 2016 \/ Fr \/ 18 \u00a0h K\u00d6LN, Matj\u00f6 \u2013 Raum f\u00fcr Kunst des BBK, Matthiasstr. 15 Eintritt frei<\/p>\n","protected":false},"author":1,"featured_media":0,"comment_status":"closed","ping_status":"closed","sticky":false,"template":"","format":"standard","meta":[],"categories":[130,122],"tags":[],"_links":{"self":[{"href":"https:\/\/www.gerngesehen.de\/index.php?rest_route=\/wp\/v2\/posts\/1485"}],"collection":[{"href":"https:\/\/www.gerngesehen.de\/index.php?rest_route=\/wp\/v2\/posts"}],"about":[{"href":"https:\/\/www.gerngesehen.de\/index.php?rest_route=\/wp\/v2\/types\/post"}],"author":[{"embeddable":true,"href":"https:\/\/www.gerngesehen.de\/index.php?rest_route=\/wp\/v2\/users\/1"}],"replies":[{"embeddable":true,"href":"https:\/\/www.gerngesehen.de\/index.php?rest_route=%2Fwp%2Fv2%2Fcomments&post=1485"}],"version-history":[{"count":7,"href":"https:\/\/www.gerngesehen.de\/index.php?rest_route=\/wp\/v2\/posts\/1485\/revisions"}],"predecessor-version":[{"id":2173,"href":"https:\/\/www.gerngesehen.de\/index.php?rest_route=\/wp\/v2\/posts\/1485\/revisions\/2173"}],"wp:attachment":[{"href":"https:\/\/www.gerngesehen.de\/index.php?rest_route=%2Fwp%2Fv2%2Fmedia&parent=1485"}],"wp:term":[{"taxonomy":"category","embeddable":true,"href":"https:\/\/www.gerngesehen.de\/index.php?rest_route=%2Fwp%2Fv2%2Fcategories&post=1485"},{"taxonomy":"post_tag","embeddable":true,"href":"https:\/\/www.gerngesehen.de\/index.php?rest_route=%2Fwp%2Fv2%2Ftags&post=1485"}],"curies":[{"name":"wp","href":"https:\/\/api.w.org\/{rel}","templated":true}]}}