{"id":1480,"date":"2016-10-13T11:38:51","date_gmt":"2016-10-13T09:38:51","guid":{"rendered":"http:\/\/www.gerngesehen.de\/?p=1480"},"modified":"2020-07-22T20:43:48","modified_gmt":"2020-07-22T18:43:48","slug":"raumklange-%e2%80%93%e2%80%93-klavier-erweitert","status":"publish","type":"post","link":"https:\/\/www.gerngesehen.de\/?p=1480","title":{"rendered":"Raumkl\u00e4nge \u2013 Klavier erweitert"},"content":{"rendered":"<p>AUSSTELLUNG\/KLANGKUNST<br \/>\nzu Gast im Matj\u00f6<\/p>\n<p>Erwin Stache<br \/>\nPiano Kabinett<\/p>\n<p><strong>19. Oktober 2016<\/strong> \/ Mi \/ 19 \u00a0h<br \/>\nEr\u00f6ffnung<br \/>\nK\u00d6LN, Matj\u00f6 \u2013 Raum f\u00fcr Kunst des BBK, Matthiasstr. 15<br \/>\nEintritt frei<\/p>\n<p><!--more--><img loading=\"lazy\" class=\"alignright size-full wp-image-1483\" title=\"RK_191016_Stache\" src=\"http:\/\/www.gerngesehen.de\/GG\/wp-content\/uploads\/2016\/10\/RK_191016_Stache.jpg\" alt=\"RK_191016_Stache\" width=\"400\" height=\"402\" srcset=\"https:\/\/www.gerngesehen.de\/GG\/wp-content\/uploads\/2016\/10\/RK_191016_Stache.jpg 400w, https:\/\/www.gerngesehen.de\/GG\/wp-content\/uploads\/2016\/10\/RK_191016_Stache-150x150.jpg 150w, https:\/\/www.gerngesehen.de\/GG\/wp-content\/uploads\/2016\/10\/RK_191016_Stache-298x300.jpg 298w\" sizes=\"(max-width: 400px) 100vw, 400px\" \/>In der Ausstellung Piano Kabinett pr\u00e4sentiert Erwin Stache mechanische und elektronische Klang-Kunst-Objekte rund ums Klavier. Klaviermaschinen wie den Musik-Home-Trainer, das Kurbelklavier, R\u00e4der und Roller, Musikdroschke und andere neue Klangapparate.<\/p>\n<p><strong>Erwin Stache<\/strong> geb. 1960 in Schlema im Erzgebirge, ist Komponist, Klangk\u00fcnstler und Objektebauer. Er lebt in Beucha bei Leipzig. Seine Installationen verbinden Klang und Musik mit bildk\u00fcnstlerischen Elementen und basieren zumeist auf einer humorvollen Verfremdung allt\u00e4glicher Gegebenheiten. Er erfindet neue Musikinstrumente, realisiert Dauerinstallationen im \u00f6ffentlichen Raum und baut H\u00f6rspielpl\u00e4tze, wo Spielger\u00e4te zu Klangobjekten werden. Mit f\u00fcnfzehn Jahren baute er seinen ersten Synthesizer unter der schwierigen Materialbeschaffungssituation der DDR. Er studierte Mathematik und Physik und erhielt eine Ausbildung im Fach Klavier und Orgel. Er ist Mitinitiator der 1992 erstmasl statt findenden Stelzenfestspiele bei Reuth.<br \/>\n<a href=\"http:\/\/www.erwin-stache.de\/\" target=\"_blank\" rel=\"noopener noreferrer\">www.erwin-stache.de<\/a><\/p>\n<p>&#8212;-<br \/>\nDie Reihe Raumkl\u00e4nge \u2013 Klavier erweitert versteht sich als Plattform f\u00fcr raumerforschende K\u00fcnste, Musik, H\u00f6rstudien und erweiterte Auff\u00fchrungspraxis. Vorgestellt werden Klaviere als Raumk\u00f6rper, in ihrer ganzen Klangfarbenbreite zwischen Musik, Klangkunst und Performance. Mal ernst, mal im Beat popul\u00e4rer Musik oder mit augenzwinkerndem, spitzb\u00fcbischem Witz mechanischer und elektronischer Klavier-Klang-Apparate.<\/p>\n<p>In der f\u00fcnften Zusammenarbeit der Kulturabteilung der Stadt Pulheim mit dem K\u00f6lner K\u00fcnstler-Kurator Georg Dietzler st\u00f6\u00dft das Museum Morsbroich als neuer Kooperationspartner hinzu. Raumkl\u00e4nge \u2013 Klavier erweitert, eine Kooperation im Rahmen der regionalen Kulturpolitik NRW, der Stadt Pulheim, Museum Morsbroich und freies rheinland e.V. in Zusammenarbeit mit ON \u2013 Neue Musik, K\u00f6ln wird gef\u00f6rdert vom Ministerium f\u00fcr Familie, Kinder, Jugend, Kultur und Sport des Landes Nordrhein-Westfalen, Kultursekretariat NRW G\u00fctersloh, Konzert des Deutschen Musikrates.<\/p>\n<p><a href=\"http:\/\/www.raumklaenge.de\" target=\"_blank\" rel=\"noopener noreferrer\"><\/a><\/p>\n<p><a href=\"http:\/\/www.raumklaenge.de\" target=\"_blank\" rel=\"noopener noreferrer\"><\/a><\/p>\n<p><a href=\"http:\/\/www.raumklaenge.de\" target=\"_blank\" rel=\"noopener noreferrer\">www.raumklaenge.de<\/a><\/p>\n<p><em>Die Reihe Raumkl\u00e4nge \u2013 Klavier erweitert versteht sich als Plattform f\u00fcr raumerforschende K\u00fcnste, Musik, H\u00f6rstudien und erweiterte Auff\u00fchrungspraxis. Vorgestellt werden Klaviere als Raumk\u00f6rper, in ihrer ganzen Klangfarbenbreite zwischen Musik, Klangkunst und Performance. Mal ernst, mal im Beat popul\u00e4rer Musik oder mit augenzwinkerndem spitzb\u00fcbischem Witz mechanischer und elektronischer Klavier-Klang-Apparate.<\/p>\n<p>In der f\u00fcnften Zusammenarbeit der Kulturabteilung der Stadt Pulheim mit dem K\u00f6lner K\u00fcnstler-Kurator Georg Dietzler st\u00f6\u00dft das Museum Morsbroich als neuer Kooperationspartner hinzu.<\/p>\n<p>Raumkl\u00e4nge \u2013 Klavier erweitert, eine Kooperation im Rahmen der regionalen Kulturpolitik NRW, der Stadt Pulheim, Museum Morsbroich und freies rheinland e.V. in Zusammenarbeit mit ON \u2013 Neue Musik, K\u00f6ln wird gef\u00f6rdert vom Ministerium f\u00fcr Familie, Kinder, Jugend, Kultur und Sport des Landes Nordrhein-Westfalen, Kultursekretariat NRW G\u00fctersloh, Konzert des Deutschen Musikrates.<\/p>\n<p>Die Ausstellungen im Matj\u00f6 \u2013 Raum f\u00fcr Kunst des Kulturwerks des BBK K\u00f6ln e.V. werden erm\u00f6glicht durch die F\u00f6rderung der Stadt K\u00f6ln, Kulturamt und der RheinEnergie Stiftung Kultur.<\/em><\/p>\n","protected":false},"excerpt":{"rendered":"<p>AUSSTELLUNG\/KLANGKUNST zu Gast im Matj\u00f6 Erwin Stache Piano Kabinett 19. Oktober 2016 \/ Mi \/ 19 \u00a0h Er\u00f6ffnung K\u00d6LN, Matj\u00f6 \u2013 Raum f\u00fcr Kunst des BBK, Matthiasstr. 15 Eintritt frei<\/p>\n","protected":false},"author":1,"featured_media":0,"comment_status":"closed","ping_status":"closed","sticky":false,"template":"","format":"standard","meta":[],"categories":[130,122],"tags":[],"_links":{"self":[{"href":"https:\/\/www.gerngesehen.de\/index.php?rest_route=\/wp\/v2\/posts\/1480"}],"collection":[{"href":"https:\/\/www.gerngesehen.de\/index.php?rest_route=\/wp\/v2\/posts"}],"about":[{"href":"https:\/\/www.gerngesehen.de\/index.php?rest_route=\/wp\/v2\/types\/post"}],"author":[{"embeddable":true,"href":"https:\/\/www.gerngesehen.de\/index.php?rest_route=\/wp\/v2\/users\/1"}],"replies":[{"embeddable":true,"href":"https:\/\/www.gerngesehen.de\/index.php?rest_route=%2Fwp%2Fv2%2Fcomments&post=1480"}],"version-history":[{"count":5,"href":"https:\/\/www.gerngesehen.de\/index.php?rest_route=\/wp\/v2\/posts\/1480\/revisions"}],"predecessor-version":[{"id":2174,"href":"https:\/\/www.gerngesehen.de\/index.php?rest_route=\/wp\/v2\/posts\/1480\/revisions\/2174"}],"wp:attachment":[{"href":"https:\/\/www.gerngesehen.de\/index.php?rest_route=%2Fwp%2Fv2%2Fmedia&parent=1480"}],"wp:term":[{"taxonomy":"category","embeddable":true,"href":"https:\/\/www.gerngesehen.de\/index.php?rest_route=%2Fwp%2Fv2%2Fcategories&post=1480"},{"taxonomy":"post_tag","embeddable":true,"href":"https:\/\/www.gerngesehen.de\/index.php?rest_route=%2Fwp%2Fv2%2Ftags&post=1480"}],"curies":[{"name":"wp","href":"https:\/\/api.w.org\/{rel}","templated":true}]}}