{"id":1415,"date":"2016-06-20T19:25:14","date_gmt":"2016-06-20T17:25:14","guid":{"rendered":"http:\/\/www.gerngesehen.de\/?p=1415"},"modified":"2020-07-22T20:41:46","modified_gmt":"2020-07-22T18:41:46","slug":"raumklange-%e2%80%93-klavier-erweitert","status":"publish","type":"post","link":"https:\/\/www.gerngesehen.de\/?p=1415","title":{"rendered":"RAUMKL\u00c4NGE \u2013 KLAVIER ERWEITERT"},"content":{"rendered":"<p><strong>Akiko Okabe<\/strong><\/p>\n<p>23.  Juni 2016 \/ DO \/ 20 h<br \/>\nLEVERKUSEN, Museum Morsbroich, Gustav-Heinemann-Stra\u00dfe 80<\/p>\n<p><!--more--><img loading=\"lazy\" class=\"alignright size-full wp-image-1419\" title=\"GG_06-23-akiko-okabe-2\" src=\"http:\/\/www.gerngesehen.de\/GG\/wp-content\/uploads\/2016\/06\/GG_06-23-akiko-okabe-2.jpg\" alt=\"GG_06-23-akiko-okabe-2\" width=\"400\" height=\"601\" srcset=\"https:\/\/www.gerngesehen.de\/GG\/wp-content\/uploads\/2016\/06\/GG_06-23-akiko-okabe-2.jpg 400w, https:\/\/www.gerngesehen.de\/GG\/wp-content\/uploads\/2016\/06\/GG_06-23-akiko-okabe-2-199x300.jpg 199w\" sizes=\"(max-width: 400px) 100vw, 400px\" \/>Eintritt 10 \u20ac, erm\u00e4\u00dfigt 5 \u20ac<\/p>\n<p>Zur Er\u00f6ffnung der Reihe wird die Pianistin Akiko Okabe im Spiegelsaal von Schloss Morsbroich ein Programm f\u00fcr Klavier und pr\u00e4pariertes Klavier spielen, Kompositionen von John Cage, Karlheinz Essl, Johannes Kreidler und anderen.<\/p>\n<p>&#8222;Was will mir ein St\u00fcck sagen, und was hat ein Komponist uns mitzuteilen? Und wie kann ich dies dem Publikum vermitteln?&#8220; \u2013 das sind Akiko Okabes Ans\u00e4tze bei der Erarbeitung und Darbietung ihres weit gef\u00e4cherten Repertoires.<\/p>\n<p>W\u00e4hrend ihres Klavierstudiums bei Prof. James Avery an der Musikhochschule Freiburg entdeckte die japanische Pianistin Akiko Okabe ihre Leidenschaft f\u00fcr Neue Musik. Die in Tokio an der Toho-Gakuen Musikhochschule klassisch ausgebildete K\u00fcnstlerin besch\u00e4ftigte sich zuerst mit dem kompositorischen Werk von Mathias Spahlinger. Nachdem Akiko Okabe ihr Solistenstudium mit Auszeichnung abgeschlossen hatte, setzte sie ihre Studien bei Prof. Stefan Litwin an der Hochschule f\u00fcr Musik Saar fort, wo sie ihre Erfahrungen mit der Auff\u00fchrungspraxis Neuer Musik vertiefen konnte.<\/p>\n<p>Mit Offenheit und Neugierde auf Neues realisierte sie zahlreiche Urauff\u00fchrungen im In- und Ausland und arbeitete mit bedeutenden Komponisten unserer Zeit wie Beat Furrer, Georg Friedrich Haas, Nicolaus A. Huber, Isabel Mundry, Bernhard Lang, Salvatore Sciarrino, Mathias Spahlinger u.a. zusammen. Sie tritt bei zahlreichen nationalen und internationalen Festivals auf wie bei den Donaueschinger Musiktagen, Wien Modern, Lucerne Festival, dem Ars Musica Festival in Br\u00fcssel, Musica Stra\u00dfburg, musica viva in M\u00fcnchen, Tage f\u00fcr Neue Musik Z\u00fcrich, M\u00e4rz Musik Berlin, Eclat Festival Stuttgart, Weingartener Tage f\u00fcr Neue Musik, Festival f\u00fcr zeitgen\u00f6ssische Musik pgnm Bremen, Festival Sonorama in Rosario u.a.<\/p>\n<p>Seit 2006 ist sie Mitglied des Ensemble Aventure, Freiburg.<\/p>\n<p>&#8212;&#8212;&#8211;<\/p>\n<p>RAUMKL\u00c4NGE \u2013 KLAVIER ERWEITERT<\/p>\n<p>In der Reihe RAUMKL\u00c4NGE 2016 h\u00f6ren und sehen wir Interpret*innen des Klaviers. Unterschiedliche Spielformen des Klaviers, des pr\u00e4parierten Klaviers sowie verwandte Tasteninstrumente werden vorgestellt, solo und mit anderen Instrumentalist*innen, zwischen Neuer Musik, Klangkunst und Performance. Sie erleben das Klavier in Konzerten, Installationen und Filmen. In der f\u00fcnften Zusammenarbeit der Kulturabteilung der Stadt Pulheim mit dem K\u00f6lner K\u00fcnstler-Kurator Georg Dietzler st\u00f6\u00dft das Museum Morsbroich, Leverkusen, als neuer Kooperationspartner hinzu. Vier Konzerte vor der Sommerpause, ein zweiter Programmteil der RAUMKL\u00c4NGE findet im Herbst in Leverkusen und K\u00f6ln statt.<\/p>\n<p>RAUMKL\u00c4NGE ist eine Kooperation von gerngesehen, Museum Morsbroich und der Stadt Pulheim im Rahmen der regionalen Kulturpolitik NRW in Zusammenarbeit mit ON \u2013 Neue Musik f\u00fcr K\u00f6ln e.V.. Die Veranstalter freies rheinland e.V. c\/o Georg Dietzler, Museum Morsbroich und Stadt Pulheim danken allen F\u00f6rderern und Veranstaltungspartnern f\u00fcr die Zusammenarbeit: Ministerium f\u00fcr Familie, Kinder, Jugend, Kultur und Sport des Landes Nordrhein-Westfalen, Konzert des Deutschen Musikrates, der Pfarrgemeinde St. Martinus Stommeln und den K\u00f6lner Partnern.<\/p>\n<p>Veranstalter: Stadt Pulheim | freies rheinland e.V. c\/o Georg Dietzler, K\u00f6ln | Museum Morsbroich, Leverkusen<br \/>\nProgrammauswahl: Harald Kimmig, Georg Dietzler, Sara Bosqui<\/p>\n","protected":false},"excerpt":{"rendered":"<p>Akiko Okabe 23. Juni 2016 \/ DO \/ 20 h LEVERKUSEN, Museum Morsbroich, Gustav-Heinemann-Stra\u00dfe 80<\/p>\n","protected":false},"author":1,"featured_media":0,"comment_status":"closed","ping_status":"closed","sticky":false,"template":"","format":"standard","meta":[],"categories":[130,122],"tags":[],"_links":{"self":[{"href":"https:\/\/www.gerngesehen.de\/index.php?rest_route=\/wp\/v2\/posts\/1415"}],"collection":[{"href":"https:\/\/www.gerngesehen.de\/index.php?rest_route=\/wp\/v2\/posts"}],"about":[{"href":"https:\/\/www.gerngesehen.de\/index.php?rest_route=\/wp\/v2\/types\/post"}],"author":[{"embeddable":true,"href":"https:\/\/www.gerngesehen.de\/index.php?rest_route=\/wp\/v2\/users\/1"}],"replies":[{"embeddable":true,"href":"https:\/\/www.gerngesehen.de\/index.php?rest_route=%2Fwp%2Fv2%2Fcomments&post=1415"}],"version-history":[{"count":7,"href":"https:\/\/www.gerngesehen.de\/index.php?rest_route=\/wp\/v2\/posts\/1415\/revisions"}],"predecessor-version":[{"id":2164,"href":"https:\/\/www.gerngesehen.de\/index.php?rest_route=\/wp\/v2\/posts\/1415\/revisions\/2164"}],"wp:attachment":[{"href":"https:\/\/www.gerngesehen.de\/index.php?rest_route=%2Fwp%2Fv2%2Fmedia&parent=1415"}],"wp:term":[{"taxonomy":"category","embeddable":true,"href":"https:\/\/www.gerngesehen.de\/index.php?rest_route=%2Fwp%2Fv2%2Fcategories&post=1415"},{"taxonomy":"post_tag","embeddable":true,"href":"https:\/\/www.gerngesehen.de\/index.php?rest_route=%2Fwp%2Fv2%2Ftags&post=1415"}],"curies":[{"name":"wp","href":"https:\/\/api.w.org\/{rel}","templated":true}]}}