{"id":1401,"date":"2016-01-20T20:32:34","date_gmt":"2016-01-20T18:32:34","guid":{"rendered":"http:\/\/www.gerngesehen.de\/?p=1401"},"modified":"2020-09-17T20:39:17","modified_gmt":"2020-09-17T18:39:17","slug":"chezon","status":"publish","type":"post","link":"https:\/\/www.gerngesehen.de\/?p=1401","title":{"rendered":"ChezOn"},"content":{"rendered":"<p>Konzert<br \/>\n<strong><br \/>\n21. \u00a0Februar 2016<br \/>\n<\/strong>SO\/ 19 h<br \/>\nON &#8211; Neue Musik e.V., Alte Feuerwache, Geb\u00e4ude Branddirektion<br \/>\n1. Stock (kein Aufzug), Melchiorstr 3, K\u00f6ln<\/p>\n<p>Alan Courtis\/ Buenos Aires<br \/>\nE-Gitarre und experimentelle Filme von Sergio Subero<\/p>\n<hr \/>\n<p><strong>Alan Courtis<\/strong> aka Anla Courtis, Alna Courtis ist Interpret, Komponist oder auch Produzent, l\u00e4sst sich nicht eindeutig einer Musikrichtung zuordnen. Er steht f\u00fcr musique-concrete, experimental drone, psychedelic and abstract noise, manipulierte Tonb\u00e4nder, Experimentalfilm, mal solo, mal in Kooperation mit internationalen Musikern. Unerm\u00fcdlich erweitert er seine musikalischen Ausdrucksformen, er ist ein Komponist mit einer imaginativen und grenzenlosen Handschrift. Mal nutzt er gefundene Klangfragmente um Neues daraus zu entwickeln und immer wieder entwickelt er extrem kraftvolle Klangbilder, die gesamte Welt ist f\u00fcr ihn Musik, voller Geschichten, die erz\u00e4hlt sein wollen, klanglich reich und zugleich sinnlich atmosph\u00e4risch aber immer extrem. Anla Courtis (Buenos Aires) war Mitbegr\u00fcnder der legend\u00e4ren surrealen mystischen Band Reynolds, sowie konzeptuellen Musikprojekten wie: \u201c10.000 Chicken Symphony\u201d, \u201cBlank Tapes\u201d, \u201cWhistling Kettle Quartet\u201d.<\/p>\n<p><a href=\"https:\/\/www.youtube.com\/watch?v=vyNnxCDTQlY\" target=\"_blank\" rel=\"noopener noreferrer\">www.youtube.com\/watch?v=vyNnxCDTQlY<\/a><br \/>\n<a href=\"http:\/\/www.thewire.co.uk\/audio\/tracks\/listen_alan-courtis_s-wirecast\" target=\"_blank\" rel=\"noopener noreferrer\">www.thewire.co.uk\/audio\/tracks\/listen_alan-courtis_s-wirecast<\/a><\/p>\n<p><strong>Sergio Subero <\/strong>ist Filmemacher und Kurator von \u201eExperimental Film\u201c Programmen, vom fr\u00fchen Stummfilm bis heute, f\u00fcr Museen und Festivals. Zusammen mit Guillermo Ueno f\u00fchrte er Regie bei &#8222;Alter Sapukai! Damo Suzuki en Argentina&#8220; (2011).<\/p>\n<p>Eintritt frei \u2013 Spenden willkommen.<\/p>\n<p>Foto von Nora Lezano<\/p>\n<hr \/>\n<p><em>Veranstalter: freies rheinland e.V. c\/o Georg Dietzler in Zusammenarbeit mit ON &#8211; Neue Musik e.V.<\/em><\/p>\n","protected":false},"excerpt":{"rendered":"<p>21. Februar 2016<br \/>\nK\u00d6LN<\/p>\n","protected":false},"author":1,"featured_media":1405,"comment_status":"closed","ping_status":"closed","sticky":false,"template":"","format":"standard","meta":[],"categories":[130],"tags":[],"_links":{"self":[{"href":"https:\/\/www.gerngesehen.de\/index.php?rest_route=\/wp\/v2\/posts\/1401"}],"collection":[{"href":"https:\/\/www.gerngesehen.de\/index.php?rest_route=\/wp\/v2\/posts"}],"about":[{"href":"https:\/\/www.gerngesehen.de\/index.php?rest_route=\/wp\/v2\/types\/post"}],"author":[{"embeddable":true,"href":"https:\/\/www.gerngesehen.de\/index.php?rest_route=\/wp\/v2\/users\/1"}],"replies":[{"embeddable":true,"href":"https:\/\/www.gerngesehen.de\/index.php?rest_route=%2Fwp%2Fv2%2Fcomments&post=1401"}],"version-history":[{"count":5,"href":"https:\/\/www.gerngesehen.de\/index.php?rest_route=\/wp\/v2\/posts\/1401\/revisions"}],"predecessor-version":[{"id":2421,"href":"https:\/\/www.gerngesehen.de\/index.php?rest_route=\/wp\/v2\/posts\/1401\/revisions\/2421"}],"wp:featuredmedia":[{"embeddable":true,"href":"https:\/\/www.gerngesehen.de\/index.php?rest_route=\/wp\/v2\/media\/1405"}],"wp:attachment":[{"href":"https:\/\/www.gerngesehen.de\/index.php?rest_route=%2Fwp%2Fv2%2Fmedia&parent=1401"}],"wp:term":[{"taxonomy":"category","embeddable":true,"href":"https:\/\/www.gerngesehen.de\/index.php?rest_route=%2Fwp%2Fv2%2Fcategories&post=1401"},{"taxonomy":"post_tag","embeddable":true,"href":"https:\/\/www.gerngesehen.de\/index.php?rest_route=%2Fwp%2Fv2%2Ftags&post=1401"}],"curies":[{"name":"wp","href":"https:\/\/api.w.org\/{rel}","templated":true}]}}