{"id":1362,"date":"2015-10-09T10:17:30","date_gmt":"2015-10-09T08:17:30","guid":{"rendered":"http:\/\/www.gerngesehen.de\/?p=1362"},"modified":"2020-07-22T20:40:37","modified_gmt":"2020-07-22T18:40:37","slug":"raumklange-%e2%80%93-ortsbezogene-musik","status":"publish","type":"post","link":"https:\/\/www.gerngesehen.de\/?p=1362","title":{"rendered":"Raumkl\u00e4nge \u2013 Ortsbezogene Musik"},"content":{"rendered":"<blockquote><p>Konzert<\/p>\n<p><strong>11. Oktober 2015<\/strong> \/ So \/ 15:30 h<br \/>\nSt. Gertrud, Krefelder Str. 57, K\u00f6ln<\/p><\/blockquote>\n<blockquote><p><strong><br \/>\n<span style=\"font-weight: bold;\">Aviva Endean und <\/span><span style=\"font-weight: bold;\"><strong>Sam Dunscombe\/<\/strong><br \/>\nBassklarinette<\/span><\/strong><\/p><\/blockquote>\n<p><span style=\"font-weight: bold;\"><strong><!--more--><\/strong><strong><img loading=\"lazy\" class=\"alignright size-full wp-image-1365\" title=\"151011\" src=\"http:\/\/www.gerngesehen.de\/GG\/wp-content\/uploads\/2015\/10\/151011.jpg\" alt=\"151011\" width=\"400\" height=\"267\" srcset=\"https:\/\/www.gerngesehen.de\/GG\/wp-content\/uploads\/2015\/10\/151011.jpg 400w, https:\/\/www.gerngesehen.de\/GG\/wp-content\/uploads\/2015\/10\/151011-300x200.jpg 300w\" sizes=\"(max-width: 400px) 100vw, 400px\" \/><br \/>\n<\/strong><\/span><\/p>\n<p>Eine 75-min\u00fctige raumbezogene Komposition des italienischen Komponisten Pierluigi Billone (2006), mit vielfachen \u00dcberg\u00e4ngen zwischen Luftger\u00e4usch und Ton, zwischen Instrumentalklang, gesprochener, gesungener, geraunter Sprache. Ein Tropfen Wasser und noch ein Tropfen Wasser werden zu einem gr\u00f6\u00dferen Tropfen, und nicht zu zwei Tropfen.<br \/>\nSein abendf\u00fcllendes St\u00fcck f\u00fcr zwei Bassklarinetten 1+1=1 (2006) \u2013 der Titel spielt auf Andrei Arsenjewitsch Tarkowsky\u2019s Film \u00a0\u2018Nostalgia\u2019 an \u2013 integriert die K\u00f6rper der Instrumente, der Interpreten und des Saales in ein mehrdimensionales Geschehen, das einerseits, so Billone, zu einem &#8222;dauerhaft unausgewogenen, unsymmetrischen&#8220;, d.h. nicht-synthetisierenden H\u00f6ren anregt. Andererseits aber fordert es Aufmerksamkeit noch f\u00fcr das kleinste Detail: in vielfachen \u00dcberg\u00e4ngen zwischen Luftger\u00e4usch und Ton, zwischen Instrumentalklang, Stimme und (gesprochener, gesungener, geraunter) Sprache entspinnt sich ein Klangraum von gro\u00dfer Suggestionskraft, der zugleich fesselt und zur eigenen Fokusbildung einl\u00e4dt. Nicht nur der Komponist, auch der H\u00f6rer soll in Pierluigi Billones Musik zum Entdecker werden. Die beiden australischen Musiker sind Aviva Endean  <a href=\"http:\/\/www.avivaendean.com\" target=\"_blank\" rel=\"noopener noreferrer\">www.avivaendean.com <\/a><br \/>\n<a href=\"http:\/\/www.samueldunscombe.com\" target=\"_blank\" rel=\"noopener noreferrer\">www.samueldunscombe.com<\/a><\/p>\n<p><a href=\"http:\/\/www.samueldunscombe.com\" target=\"_blank\" rel=\"noopener noreferrer\"> <\/a><\/p>\n<p><a href=\"http:\/\/www.samueldunscombe.com\" target=\"_blank\" rel=\"noopener noreferrer\"><\/a><\/p>\n<p><span style=\"font-style: italic;\">Die Veranstalter Kulturabteilung der Stadt Pulheim &amp; freies rheinland e.V. c\/o Georg Dietzler im Rahmen der regionalen Kulturpolitik NRW danken allen F\u00f6rderern und Veranstaltungspartnern f\u00fcr die Zusammenarbeit: Ministerium f\u00fcr Familie, Kinder, Jugend, Kultur und Sport des Landes Nordrhein-Westfalen; Kunststiftung NRW; Konzert des Deutschen Musikrates und St. Gertrud.<\/span><\/p>\n","protected":false},"excerpt":{"rendered":"<p>Konzert 11. Oktober 2015 \/ So \/ 15:30 h St. Gertrud, Krefelder Str. 57, K\u00f6ln Aviva Endean und Sam Dunscombe\/ Bassklarinette<\/p>\n","protected":false},"author":1,"featured_media":0,"comment_status":"closed","ping_status":"closed","sticky":false,"template":"","format":"standard","meta":[],"categories":[128,122],"tags":[],"_links":{"self":[{"href":"https:\/\/www.gerngesehen.de\/index.php?rest_route=\/wp\/v2\/posts\/1362"}],"collection":[{"href":"https:\/\/www.gerngesehen.de\/index.php?rest_route=\/wp\/v2\/posts"}],"about":[{"href":"https:\/\/www.gerngesehen.de\/index.php?rest_route=\/wp\/v2\/types\/post"}],"author":[{"embeddable":true,"href":"https:\/\/www.gerngesehen.de\/index.php?rest_route=\/wp\/v2\/users\/1"}],"replies":[{"embeddable":true,"href":"https:\/\/www.gerngesehen.de\/index.php?rest_route=%2Fwp%2Fv2%2Fcomments&post=1362"}],"version-history":[{"count":6,"href":"https:\/\/www.gerngesehen.de\/index.php?rest_route=\/wp\/v2\/posts\/1362\/revisions"}],"predecessor-version":[{"id":2157,"href":"https:\/\/www.gerngesehen.de\/index.php?rest_route=\/wp\/v2\/posts\/1362\/revisions\/2157"}],"wp:attachment":[{"href":"https:\/\/www.gerngesehen.de\/index.php?rest_route=%2Fwp%2Fv2%2Fmedia&parent=1362"}],"wp:term":[{"taxonomy":"category","embeddable":true,"href":"https:\/\/www.gerngesehen.de\/index.php?rest_route=%2Fwp%2Fv2%2Fcategories&post=1362"},{"taxonomy":"post_tag","embeddable":true,"href":"https:\/\/www.gerngesehen.de\/index.php?rest_route=%2Fwp%2Fv2%2Ftags&post=1362"}],"curies":[{"name":"wp","href":"https:\/\/api.w.org\/{rel}","templated":true}]}}