{"id":1336,"date":"2015-09-21T13:15:37","date_gmt":"2015-09-21T11:15:37","guid":{"rendered":"http:\/\/www.gerngesehen.de\/?p=1336"},"modified":"2015-09-22T16:08:27","modified_gmt":"2015-09-22T14:08:27","slug":"ka-keine-ahnung-von-schwerkraft-%e2%80%93-gebaudekomposition-leerstand-2","status":"publish","type":"post","link":"https:\/\/www.gerngesehen.de\/?p=1336","title":{"rendered":"{kA}: keine Ahnung von Schwerkraft \u2013 Geb\u00e4udekomposition Leerstand"},"content":{"rendered":"<blockquote><p>Konzert-Installation<br \/>\n<strong><br \/>\n23. \u00a0September 2015 <\/strong>\/ Mi<br \/>\n21 h \/ Einlass ab 20:45 h<br \/>\nehemaliges RWGV-Geb\u00e4ude, Severinstr. 214-218, K\u00f6ln<\/p>\n<p><strong>Kanzlei f\u00fcr Raumbefragungen<br \/>\nGerriet K. Sharma \u00a0&amp; Nico Bergmannr<\/strong><\/p><\/blockquote>\n<p><!--more-->weitere Einlasszeiten \/ jeweils p\u00fcnktlich, ein<br \/>\nsp\u00e4ter Einlass ist nicht m\u00f6glich<\/p>\n<p>24.09.2015 \/ Do \u2013\u2013\u2013\u2013\u2013 17 h \/ 19 h<br \/>\n25.09.2015 \/ Fr \u2013\u2013\u2013\u2013-\u2013 17 h \/ 19 h<br \/>\n26.09.2015 \/ Sa \u2013\u2013\u2013\u2013\u2013 15 h \/ 17 h<br \/>\n27.09.2015 \/ So \u00a0\u2013\u2013\u2013\u2013 15 h \/ 17 h<br \/>\n23.10.2015\/ Fr \u2013\u2013\u2013-\u2013\u2013 17 h \/ 19 h<br \/>\n24.10.2015 \/ Sa \u2013\u2013\u2013\u2013\u2013 15 h \/ 17 h<\/p>\n<p>und nach Vereinbarung<br \/>\n+49. (0)163. 73 40 150 (Georg Dietzler)<br \/>\ninfo@gerngesehen.de<\/p>\n<p>Eintritt frei \u2013 Spenden willkommen<\/p>\n<p><img loading=\"lazy\" class=\"alignright size-full wp-image-1337\" title=\"kA_Press_PER_23092915\" src=\"http:\/\/www.gerngesehen.de\/GG\/wp-content\/uploads\/2015\/09\/kA_Press_PER_23092915.jpg\" alt=\"kA_Press_PER_23092915\" width=\"400\" height=\"265\" srcset=\"https:\/\/www.gerngesehen.de\/GG\/wp-content\/uploads\/2015\/09\/kA_Press_PER_23092915.jpg 400w, https:\/\/www.gerngesehen.de\/GG\/wp-content\/uploads\/2015\/09\/kA_Press_PER_23092915-300x198.jpg 300w\" sizes=\"(max-width: 400px) 100vw, 400px\" \/>{kA}: keine Ahnung von Schwerkraft ist eine Werkreihe, in deren Rahmen seit 2010 f\u00fcnf unterschiedliche \u00f6ffentliche und private Architekturen auf ihre klanglichen Eigenschaften und Eigenheiten k\u00fcnstlerisch befragt wurden. Ortsbezogene Kl\u00e4nge werden komponiert, reorganisiert f\u00fcr mehrkanalige Lautsprecher- und Lichtinstallationen. Besucher h\u00f6ren eine k\u00fcnstlerische, konzertante Inszenierung bisher ungeh\u00f6rter und unerh\u00f6rter Klangr\u00e4ume in leerstehenden Alltagsarchitekturen, individuelle Kl\u00e4nge von Bauwerken und deren Lebensr\u00e4umen.<\/p>\n<p>Mit einem \u00fcber Jahre selbst entwickelten Instrument aus Software, Lautsprechern und Mikrofonen wird die Raumakustik des Bauk\u00f6rpers erforscht, vorhandenes Mobiliar, Baumaterialien und Umgebungsraum in die Komposition miteinbezogen und in die Wahrnehmung des Besuchers ger\u00fcckt. Akustische Koordinaten der sich durchdringenden Klangr\u00e4ume vor Ort werden gemessen, aufgezeichnet, k\u00fcnstlerisch interpretiert, im Geb\u00e4ude verschoben, gespiegelt und rhythmisiert. Feine, leise Kl\u00e4nge schaffen H\u00f6rinseln in Raumfluchten, f\u00fchren durch das Geb\u00e4ude, dringen durch Leitungen und flie\u00dfen durch die Etagen.<\/p>\n<p>{kA}: keine Ahnung von Schwerkraft widmet sich dem ehemaligen RWGV-Geb\u00e4ude, Severinstr. 214-218, das direkt neben der L\u00fccke steht, die der Einsturz des historischen Archivs der Stadt K\u00f6ln hinterlassen hat. Der Leerstand wird in absehbarer Zeit nur noch in Erinnerungen, auf Fotos und Klangdokumenten existieren, der Abriss schafft Platz f\u00fcr neuen Wohn- und Lebensraum.<\/p>\n<p>In K\u00f6ln gibt es immer weniger R\u00e4ume f\u00fcr zeitbasierte k\u00fcnstlerische Produktion und Auff\u00fchrungspraxis. Die Zwischennutzung von Leerstand w\u00e4re eine \u00dcbergangsl\u00f6sung, die mit Unterst\u00fctzung von Firmen, IHK, Stiftungen, Bauherren, Vermietern und der Stadt K\u00f6ln geschaffen werden k\u00f6nnte, wie das aktuelle Beispiel der BPD Immobilienentwicklung GmbH, Niederlassung D\u00fcsseldorf, einem Unternehmen der Rabo Real Estate Group zeigt. Seit geraumer Zeit gibt es hierzu eine Ideenfindungsrunde, initiiert vom Kulturamt der Stadt K\u00f6ln. Bis in K\u00f6ln ein solches Zentrum aufgebaut werden kann, wird vermutlich noch viel Rheinwasser durch K\u00f6ln hindurchflie\u00dfen.<\/p>\n<blockquote><p><img style=\"border: 0px initial initial;\" title=\"Weiterlesen...\" src=\"..\/wp-includes\/js\/tinymce\/plugins\/wordpress\/img\/trans.gif\" alt=\"\" \/><\/p><\/blockquote>\n<p><em>{kA}: keine Ahnung von Schwerkraft \u2014 Die aktuelle Geb\u00e4udekomposition Leerstand der Kanzlei f\u00fcr Raumbefragungen ist ein F\u00f6rderprojekt der Sparkasse K\u00f6lnBonn, betreut durch die SK Stiftung Kultur f\u00fcr die medienk\u00fcnstlerische Zwischennutzung eines leerstehenden Geb\u00e4udes. BPD Immobilienentwicklung GmbH, Niederlassung D\u00fcsseldorf stellt das Geb\u00e4ude Severinstr. 214-218 zur Verf\u00fcgung. Das Projekt\u00a0wird unterst\u00fctzt durch das Atelier Klangforschung des Instituts f\u00fcr Musikforschung der Universit\u00e4t W\u00fcrzburg, das Institut f\u00fcr Elektronische Musik und Akustik (IEM) der Kunstuniversit\u00e4t Graz und ON \u2013 Neue<br \/>\nMusik K\u00f6ln e.V.<\/em><\/p>\n<p><em> <\/em><em>Raumkl\u00e4nge \u2013 Ortsbezogene Musik wird gef\u00f6rdert im Rahmen der regionalen Kulturpolitik NRW, vom Ministerium f\u00fcr Familie, Kinder, Jugend, Kultur und Sport des Landes Nordrhein-Westfalen, Kunststiftung NRW, Konzert des Deutschen Musikrates.<\/em><\/p>\n<p><a href=\"http:\/\/www.raumklaenge.de\/\" target=\"_blank\">www.raumklaenge.de<\/a><\/p>\n","protected":false},"excerpt":{"rendered":"<p>Konzert-Installation 23. \u00a0September 2015 \/ Mi 21 h \/ Einlass ab 20:45 h ehemaliges RWGV-Geb\u00e4ude, Severinstr. 214-218, K\u00f6ln Kanzlei f\u00fcr Raumbefragungen Gerriet K. Sharma \u00a0&amp; Nico Bergmannr<\/p>\n","protected":false},"author":1,"featured_media":0,"comment_status":"closed","ping_status":"closed","sticky":false,"template":"","format":"standard","meta":[],"categories":[128],"tags":[],"_links":{"self":[{"href":"https:\/\/www.gerngesehen.de\/index.php?rest_route=\/wp\/v2\/posts\/1336"}],"collection":[{"href":"https:\/\/www.gerngesehen.de\/index.php?rest_route=\/wp\/v2\/posts"}],"about":[{"href":"https:\/\/www.gerngesehen.de\/index.php?rest_route=\/wp\/v2\/types\/post"}],"author":[{"embeddable":true,"href":"https:\/\/www.gerngesehen.de\/index.php?rest_route=\/wp\/v2\/users\/1"}],"replies":[{"embeddable":true,"href":"https:\/\/www.gerngesehen.de\/index.php?rest_route=%2Fwp%2Fv2%2Fcomments&post=1336"}],"version-history":[{"count":9,"href":"https:\/\/www.gerngesehen.de\/index.php?rest_route=\/wp\/v2\/posts\/1336\/revisions"}],"predecessor-version":[{"id":1340,"href":"https:\/\/www.gerngesehen.de\/index.php?rest_route=\/wp\/v2\/posts\/1336\/revisions\/1340"}],"wp:attachment":[{"href":"https:\/\/www.gerngesehen.de\/index.php?rest_route=%2Fwp%2Fv2%2Fmedia&parent=1336"}],"wp:term":[{"taxonomy":"category","embeddable":true,"href":"https:\/\/www.gerngesehen.de\/index.php?rest_route=%2Fwp%2Fv2%2Fcategories&post=1336"},{"taxonomy":"post_tag","embeddable":true,"href":"https:\/\/www.gerngesehen.de\/index.php?rest_route=%2Fwp%2Fv2%2Ftags&post=1336"}],"curies":[{"name":"wp","href":"https:\/\/api.w.org\/{rel}","templated":true}]}}