{"id":1302,"date":"2015-06-29T19:21:49","date_gmt":"2015-06-29T17:21:49","guid":{"rendered":"http:\/\/www.gerngesehen.de\/?p=1302"},"modified":"2020-07-22T20:39:49","modified_gmt":"2020-07-22T18:39:49","slug":"raumklange-8","status":"publish","type":"post","link":"https:\/\/www.gerngesehen.de\/?p=1302","title":{"rendered":"Raumkl\u00e4nge"},"content":{"rendered":"<blockquote><p>Er\u00f6ffnung<strong><br \/>\n<\/strong>RAUMKL\u00c4NGE \u2013 ORTSBEZOGENEN MUSIK IN ZUSAMMENARBEIT MIT DER BR\u00dcCKENMUSIK 21<br \/>\n<strong><br \/>\n9. Juli 2015 <\/strong>\/ 19 h \/ Do<br \/>\nDeutzer Br\u00fccke,<br \/>\nEingang Markmannsgasse, K\u00f6ln<\/p>\n<p><strong>Bernd Schurer<\/strong><br \/>\nMikrokosmos (II)<strong> <\/strong><\/p><\/blockquote>\n<blockquote><p>Achtkanalige elektroakustische Klanginstallation in den Hohlkammern der Deutzer Br\u00fccke.<\/p><\/blockquote>\n<p><!--more--><br \/>\n<img loading=\"lazy\" class=\"alignright size-full wp-image-1306\" title=\"BM_WEB\" src=\"http:\/\/www.gerngesehen.de\/GG\/wp-content\/uploads\/2015\/06\/BM_WEB.jpg\" alt=\"BM_WEB\" width=\"400\" height=\"262\" srcset=\"https:\/\/www.gerngesehen.de\/GG\/wp-content\/uploads\/2015\/06\/BM_WEB.jpg 400w, https:\/\/www.gerngesehen.de\/GG\/wp-content\/uploads\/2015\/06\/BM_WEB-300x196.jpg 300w\" sizes=\"(max-width: 400px) 100vw, 400px\" \/>\u00d6ffnungszeiten:<br \/>\n10. und 12. Juli 2015<br \/>\n15 bis 19 h\u00a0 \/\u00a0 letzter Einlass 18.30 h<br \/>\nEintritt: 5 EUR<\/p>\n<p>Ankn\u00fcpfend an die Werkreihe &#8222;Mikrokosmos&#8220; bildet die aktuelle Installation von Bernd Schurer eine experimentelle &#8222;auditive Szene&#8220; im Innenraum der Deutzer Br\u00fccke. Durch eine umfassende Parametrisierung des Bauk\u00f6rpers ermittelte Daten dienen zur Erzeugung und Steuerung klanglicher Ereignisse und formen in ihrer Gesamtheit eine &#8222;akustisch\u2013topologische Karte&#8220;. Um den Scheitelpunkt der Br\u00fccke formieren sich in symmetrischen Abst\u00e4nden entlang der Seitenw\u00e4nde zehn stark gerichtete Schallstrahler und erzeugen eine distinkte H\u00f6rzone innerhalb des Br\u00fcckenhohlraums. Hunderte von individuell komponierten Klangpartikeln verbinden sich dort zu einer Gesamtkomposition, indem die ihnen zugrunde liegenden Form- und Synthesestrukturen auf Mikro-, Meso- und Makroebene des Werks durch spezifische Datenprozessierungen miteinander verkn\u00fcpft werden. Die Besucher erwartet eine musikalische Raumerz\u00e4hlung, die mit dem akustischen Geschehen der Br\u00fcckenarchitektur interagiert und dabei auch als Form eines akustischen Orientierungssystems geh\u00f6rt und erlebt werden kann.<\/p>\n<p>Bernd Schurer (*1970, Z\u00fcrich) ist Komponist und Klangk\u00fcnstler. Er studierte Philosophie (Universit\u00e4t Z\u00fcrich), Bildende Kunst (HSLU, Luzern) und Komposition (ZHdK, Z\u00fcrich). In seinen Arbeiten thematisiert er insbesondere Wahrnehmungsaspekte des H\u00f6rens mittels Techniken digitaler Klangsynthese, Elektroakustik und Elektronischer Musik. Sein Werk umfasst Audiopublikationen (bspw. &#8222;Parallax&#8220;, &#8222;Vexations&#8220; u.a.), Werkauftr\u00e4ge f\u00fcr Ensembles, internationale Konzert- und Ausstellungst\u00e4tigkeit sowie Komposition und Klanggestaltung f\u00fcr Film und Medien.<br \/>\n<a href=\"http:\/\/www.heterophenomenological.net\" target=\"_blank\" rel=\"noopener noreferrer\">www.heterophenomenological.net <\/a><br \/>\n<a href=\"http:\/\/www.domizil.ch\" target=\"_blank\" rel=\"noopener noreferrer\">www.domizil.ch<\/a><\/p>\n<p>In K\u00f6ln gibt es einige au\u00dfergew\u00f6hnliche Veranstaltungsorte, einer davon ist die Deutzer Br\u00fccke, mit ihren Hohlkammern, der Garage im Br\u00fcckenkopf und der einmal j\u00e4hrlich stattfindenden Br\u00fcckenmusik. 2015 ist es die 21. Ausgabe mit einer Klangarbeit in den Hohlkammern und Konzerten in der Garage, diesmal auch in Zusammenarbeit mit der Veranstaltungsreihe Raumkl\u00e4nge \u2013 Ortsbezogene Musik. Es ist eine der seltenen Gelegenheit eine inkonventionelle (Klang)Architektur in Verbindung mit experimentellen Musikprojekten zu erleben, auch bei Interesse f\u00fcr das eine oder andere wird es ein besonderer Besuch.<br \/>\n<a href=\"http:\/\/www.brueckenmusik.de\/?cat=103\" target=\"_blank\" rel=\"noopener noreferrer\">www.brueckenmusik.de<\/a><\/p>\n<p><img title=\"Weiterlesen...\" src=\"..\/wp-includes\/js\/tinymce\/plugins\/wordpress\/img\/trans.gif\" alt=\"\" \/><\/p>\n<p>Raumkl\u00e4nge \u2013 Ortsbezogene Musik ist eine Plattform f\u00fcr  raumerforschende Musik, H\u00f6rstudien und erweiterte Auff\u00fchrungspraxis, wie  lassen sich Musik und Orte immer wieder auf\u2019s Neue erleben. Vorgestellt  werden Auftragswerke, improvisierte Musik, H\u00f6rst\u00fccke und Klangkunst f\u00fcr  Orte in Pulheim-Stommeln und K\u00f6ln.<\/p>\n<p><a href=\"http:\/\/www.raumklaenge.de\/\" target=\"_blank\" rel=\"noopener noreferrer\">www.raumklaenge.de<\/a><\/p>\n<p><em>Die Veranstalter Kulturabteilung der Stadt Pulheim &amp; freies  rheinland e.V. c\/o Georg Dietzler im Rahmen der regionalen Kulturpolitik  NRW danken allen F\u00f6rderern und Veranstaltungspartnern f\u00fcr die  Zusammenarbeit: Ministerium f\u00fcr Familie, Kinder, Jugend, Kultur und  Sport des Landes Nordrhein-Westfalen; Kunststiftung NRW; Konzert des  Deutschen Musikrates und der Br\u00fcckenmusik.<br \/>\n<\/em><\/p>\n","protected":false},"excerpt":{"rendered":"<p>Er\u00f6ffnung RAUMKL\u00c4NGE \u2013 ORTSBEZOGENEN MUSIK IN ZUSAMMENARBEIT MIT DER BR\u00dcCKENMUSIK 21 9. Juli 2015 \/ 19 h \/ Do Deutzer Br\u00fccke, Eingang Markmannsgasse, K\u00f6ln Bernd Schurer Mikrokosmos (II) Achtkanalige elektroakustische Klanginstallation in den Hohlkammern der Deutzer Br\u00fccke.<\/p>\n","protected":false},"author":1,"featured_media":0,"comment_status":"closed","ping_status":"closed","sticky":false,"template":"","format":"standard","meta":[],"categories":[128,122],"tags":[],"_links":{"self":[{"href":"https:\/\/www.gerngesehen.de\/index.php?rest_route=\/wp\/v2\/posts\/1302"}],"collection":[{"href":"https:\/\/www.gerngesehen.de\/index.php?rest_route=\/wp\/v2\/posts"}],"about":[{"href":"https:\/\/www.gerngesehen.de\/index.php?rest_route=\/wp\/v2\/types\/post"}],"author":[{"embeddable":true,"href":"https:\/\/www.gerngesehen.de\/index.php?rest_route=\/wp\/v2\/users\/1"}],"replies":[{"embeddable":true,"href":"https:\/\/www.gerngesehen.de\/index.php?rest_route=%2Fwp%2Fv2%2Fcomments&post=1302"}],"version-history":[{"count":7,"href":"https:\/\/www.gerngesehen.de\/index.php?rest_route=\/wp\/v2\/posts\/1302\/revisions"}],"predecessor-version":[{"id":2154,"href":"https:\/\/www.gerngesehen.de\/index.php?rest_route=\/wp\/v2\/posts\/1302\/revisions\/2154"}],"wp:attachment":[{"href":"https:\/\/www.gerngesehen.de\/index.php?rest_route=%2Fwp%2Fv2%2Fmedia&parent=1302"}],"wp:term":[{"taxonomy":"category","embeddable":true,"href":"https:\/\/www.gerngesehen.de\/index.php?rest_route=%2Fwp%2Fv2%2Fcategories&post=1302"},{"taxonomy":"post_tag","embeddable":true,"href":"https:\/\/www.gerngesehen.de\/index.php?rest_route=%2Fwp%2Fv2%2Ftags&post=1302"}],"curies":[{"name":"wp","href":"https:\/\/api.w.org\/{rel}","templated":true}]}}