{"id":1177,"date":"2014-11-12T18:31:32","date_gmt":"2014-11-12T16:31:32","guid":{"rendered":"http:\/\/www.gerngesehen.de\/?p=1177"},"modified":"2020-07-22T20:38:17","modified_gmt":"2020-07-22T18:38:17","slug":"licht-kunst-klang-weg-2014","status":"publish","type":"post","link":"https:\/\/www.gerngesehen.de\/?p=1177","title":{"rendered":"Licht-Kunst-Klang-Weg 2014"},"content":{"rendered":"<blockquote><p><strong>23. November 2014<\/strong><br \/>\n17 h \u00a0\/ Sonntag<br \/>\nSt. Christophorus Kirche, Kirchhof 14,<br \/>\n59368 Werne<\/p>\n<p><strong>LUIS NEGR\u00d3N VAN GRIEKEN<\/strong><\/p>\n<p><strong><!--more--><br \/>\n<\/strong><\/p><\/blockquote>\n<p><img loading=\"lazy\" class=\"alignright size-full wp-image-1178\" title=\"141123_werne\" src=\"http:\/\/www.gerngesehen.de\/GG\/wp-content\/uploads\/2014\/11\/141123_werne.jpg\" alt=\"141123_werne\" width=\"400\" height=\"880\" srcset=\"https:\/\/www.gerngesehen.de\/GG\/wp-content\/uploads\/2014\/11\/141123_werne.jpg 400w, https:\/\/www.gerngesehen.de\/GG\/wp-content\/uploads\/2014\/11\/141123_werne-136x300.jpg 136w\" sizes=\"(max-width: 400px) 100vw, 400px\" \/>LUIS NEGR\u00d3N VAN GRIEKEN \/ Lichtperformance-Installation<br \/>\nDR. HANS-JOACHIM WENSING \/  Orgel<br \/>\nOrgelmusik aus dem 17. &amp; 19. Jahrhundert<\/p>\n<p><span style=\"font-style: italic;\"><span style=\"font-style: normal;\">Begr\u00fc\u00dfung: Ulrich H\u00f6ltmann, 2. Stellvertretender B\u00fcrgermeister der Stadt Werne<\/span><br \/>\n<\/span>Einf\u00fchrung: Sabine Krebber, Kuratorin, Kunstverein Werne e.V.<\/p>\n<p>Wir laden Sie herzlich ein zu einer Lichtwanderung durch St. Christophorus &#8211; begleitet von Orgelmusik aus dem 17. und 19. Jahrhundert, die die Architektur der Stadtkirche zum Klingen bringt. Laternae Magicae, Zauberlaternen, entf\u00fchren uns mit ihrer Illusionswirkung aus Lichtbildern, optischen Ph\u00e4nomenen und T\u00e4uschungen in eine magische, symbolische, religi\u00f6se und wissenschaftliche Geschichte von Sehapparaten und dem Sehen. Auf die Besucher wartet ein Kirchenschiff-Wandel-Konzert, eine poetische Reise durch eine Zeitgeschichte der Wunderkammern des Sehens und H\u00f6rens alter Sch\u00e4tze der Orgelmusik.<\/p>\n<p>Luis Negr\u00f3n van Grieken, Medienk\u00fcnstler<br \/>\n<a href=\"http:\/\/www.luisnegronvangrieken.net\" target=\"_blank\" rel=\"noopener noreferrer\">www.luisnegronvangrieken.net<\/a><\/p>\n<p><strong><em><span style=\"font-style: normal; font-weight: normal;\"><em>Eine Veranstaltung des Kunstverein Werne in Kooperation mit Musica Sacra Westfalica<br \/>\n<\/em><em>Pfarrdechant Sch\u00e4fer und der Kirchengemeinde Sankt Christophorus ein herzliches Dankesch\u00f6n f\u00fcr die gute Zusammenarbeit.<\/em><\/span><\/em><\/strong><\/p>\n<p>Georg Dietzler, K\u00fcnstlerische Leitung &amp; Konzeption<br \/>\n<a href=\"http:\/\/www.dietzlerge.org\" target=\"_blank\" rel=\"noopener noreferrer\">www.dietzlerge.org<\/a><\/p>\n","protected":false},"excerpt":{"rendered":"<p>23. November 2014 17 h \u00a0\/ Sonntag St. Christophorus Kirche, Kirchhof 14, 59368 Werne LUIS NEGR\u00d3N VAN GRIEKEN<\/p>\n","protected":false},"author":1,"featured_media":0,"comment_status":"closed","ping_status":"closed","sticky":false,"template":"","format":"standard","meta":[],"categories":[119],"tags":[],"_links":{"self":[{"href":"https:\/\/www.gerngesehen.de\/index.php?rest_route=\/wp\/v2\/posts\/1177"}],"collection":[{"href":"https:\/\/www.gerngesehen.de\/index.php?rest_route=\/wp\/v2\/posts"}],"about":[{"href":"https:\/\/www.gerngesehen.de\/index.php?rest_route=\/wp\/v2\/types\/post"}],"author":[{"embeddable":true,"href":"https:\/\/www.gerngesehen.de\/index.php?rest_route=\/wp\/v2\/users\/1"}],"replies":[{"embeddable":true,"href":"https:\/\/www.gerngesehen.de\/index.php?rest_route=%2Fwp%2Fv2%2Fcomments&post=1177"}],"version-history":[{"count":6,"href":"https:\/\/www.gerngesehen.de\/index.php?rest_route=\/wp\/v2\/posts\/1177\/revisions"}],"predecessor-version":[{"id":1180,"href":"https:\/\/www.gerngesehen.de\/index.php?rest_route=\/wp\/v2\/posts\/1177\/revisions\/1180"}],"wp:attachment":[{"href":"https:\/\/www.gerngesehen.de\/index.php?rest_route=%2Fwp%2Fv2%2Fmedia&parent=1177"}],"wp:term":[{"taxonomy":"category","embeddable":true,"href":"https:\/\/www.gerngesehen.de\/index.php?rest_route=%2Fwp%2Fv2%2Fcategories&post=1177"},{"taxonomy":"post_tag","embeddable":true,"href":"https:\/\/www.gerngesehen.de\/index.php?rest_route=%2Fwp%2Fv2%2Ftags&post=1177"}],"curies":[{"name":"wp","href":"https:\/\/api.w.org\/{rel}","templated":true}]}}