{"id":419,"date":"2024-03-20T04:01:00","date_gmt":"2024-03-20T03:01:00","guid":{"rendered":"https:\/\/www.gerngesehen.de\/cckpt\/ENG\/?p=419"},"modified":"2024-04-23T07:56:37","modified_gmt":"2024-04-23T05:56:37","slug":"venues","status":"publish","type":"post","link":"https:\/\/www.gerngesehen.de\/cckpt\/?p=419","title":{"rendered":"venues"},"content":{"rendered":"<div class=\"gb-container gb-container-96fd787a\">\n<div class=\"gb-container gb-container-8522089c\">\n<div class=\"gb-container gb-container-81341fbd\">\n<div class=\"gb-container gb-container-812387c4\">\n<div class=\"gb-grid-wrapper gb-grid-wrapper-12dcad4d\">\n<div class=\"gb-grid-column gb-grid-column-800e8779\"><div class=\"gb-container gb-container-800e8779\">\n\n<hr class=\"wp-block-separator has-alpha-channel-opacity is-style-wide\"\/>\n\n\n\n<p id=\"weltkunstzimmer\"><strong>D\u00dcSSELDORF<br><\/strong>WELTKUNSTZIMMER<br>Ausstellungshallen<br>Im Hof links<strong><br><\/strong><br>Ronsdorfer Stra\u00dfe 77a<br><a href=\"http:\/\/weltkunstzimmer.de\/kontakt\/\">www.weltkunstzimmer.de<\/a><br><\/p>\n\n\n<p><iframe src=\"https:\/\/www.google.com\/maps\/embed?pb=!1m18!1m12!1m3!1d2499.0628244569557!2d6.8166973272395115!3d51.21791832174884!2m3!1f0!2f0!3f0!3m2!1i1024!2i768!4f13.1!3m3!1m2!1s0x47b8cbc433e30495%3A0x67856970023b7152!2sWeltkunstzimmer!5e0!3m2!1sde!2sde!4v1711022426265!5m2!1sde!2sde\" width=\"600\" height=\"450\" style=\"border:0;\" allowfullscreen=\"\" loading=\"lazy\" referrerpolicy=\"no-referrer-when-downgrade\"><\/iframe><\/p>\n\n\n\n<p>\u00d6PNV\/Halt: D-Ronsdorfer Str.<\/p>\n\n<\/div><\/div>\n\n<div class=\"gb-grid-column gb-grid-column-2f4cd65e\"><div class=\"gb-container gb-container-2f4cd65e\">\n\n<hr class=\"wp-block-separator has-alpha-channel-opacity is-style-wide\"\/>\n\n\n\n<p id=\"hofgarten\"><strong>D\u00dcSSELDORF<br><\/strong>HOFGARTEN (Parkanlage)<br><br>Treffpunkt: vor dem NRW-Forum D\u00fcsseldorf \u00b7 Ehrenhof 2<\/p>\n\n\n<p><iframe src=\"https:\/\/www.google.com\/maps\/embed?pb=!1m18!1m12!1m3!1d2498.2269522570436!2d6.77224451920857!3d51.233315017068655!2m3!1f0!2f0!3f0!3m2!1i1024!2i768!4f13.1!3m3!1m2!1s0x47b8ca1ddf685611%3A0x385ba012732475cd!2sNRW-Forum%20D%C3%BCsseldorf!5e0!3m2!1sde!2sde!4v1713851634598!5m2!1sde!2sde\" width=\"600\" height=\"450\" style=\"border:0;\" allowfullscreen=\"\" loading=\"lazy\" referrerpolicy=\"no-referrer-when-downgrade\"><\/iframe><\/p>\n\n\n\n<p>\u00d6PNV\/Halt: Tonhalle\/Ehrenhof<\/p>\n\n<\/div><\/div>\n\n<div class=\"gb-grid-column gb-grid-column-7e5e9afe\"><div class=\"gb-container gb-container-7e5e9afe\">\n\n<hr class=\"wp-block-separator has-alpha-channel-opacity is-style-wide\"\/>\n\n\n\n<p id=\"674\"><strong>K\u00d6LN<br><\/strong>674.FM KONZERTRAUM<br><br>Ubierring 13<br>Eingang rechts \/ Treppe runter<\/p>\n\n\n<p><iframe src=\"https:\/\/www.google.com\/maps\/embed?pb=!1m18!1m12!1m3!1d2515.11740953114!2d6.958589212592619!3d50.92154507156787!2m3!1f0!2f0!3f0!3m2!1i1024!2i768!4f13.1!3m3!1m2!1s0x47bf251c99dce3bb%3A0x82edee0a327d8507!2s674FM%20Radio!5e0!3m2!1sde!2sde!4v1711022863039!5m2!1sde!2sde\" width=\"600\" height=\"450\" style=\"border:0;\" allowfullscreen=\"\" loading=\"lazy\" referrerpolicy=\"no-referrer-when-downgrade\"><\/iframe><\/p>\n\n\n\n<p>\u00d6PNV\/Halt: Chlodwigplatz <\/p>\n\n<\/div><\/div>\n<\/div>\n\n<div class=\"gb-grid-wrapper gb-grid-wrapper-7e78a4fd\">\n<div class=\"gb-grid-column gb-grid-column-7e021aa8\"><div class=\"gb-container gb-container-7e021aa8\">\n\n<hr class=\"wp-block-separator has-alpha-channel-opacity is-style-wide\" id=\"feuerwache\"\/>\n\n\n\n<p><strong>K\u00d6LN<br><\/strong>ALTE FEUERWACHE (HALLE)<br><br>Melchiorstra\u00dfe 3<br>Im Hof das ebenenerdige Geb\u00e4ude in der Ecke<\/p>\n\n\n<p><iframe src=\"https:\/\/www.google.com\/maps\/embed?pb=!1m18!1m12!1m3!1d2513.4526734630895!2d6.952380512594143!3d50.95233437157433!2m3!1f0!2f0!3f0!3m2!1i1024!2i768!4f13.1!3m3!1m2!1s0x47bf2598a699bd37%3A0xd6e6e8168b242642!2sMelchiorstra%C3%9Fe%201a%2C%2050670%20K%C3%B6ln!5e0!3m2!1sde!2sde!4v1711023106576!5m2!1sde!2sde\" width=\"600\" height=\"450\" style=\"border:0;\" allowfullscreen=\"\" loading=\"lazy\" referrerpolicy=\"no-referrer-when-downgrade\"><\/iframe><\/p>\n\n\n\n<p>\u00d6PNV\/Halt: Ebertplatz \u2014&gt; 400 m Fussweg  <\/p>\n\n\n\n<p>\u00d6PNV\/Halt: Hansaring \u2014&gt; 400 m Fussweg<\/p>\n\n<\/div><\/div>\n\n<div class=\"gb-grid-column gb-grid-column-c90170e6\"><div class=\"gb-container gb-container-c90170e6\">\n\n<hr class=\"wp-block-separator has-alpha-channel-opacity is-style-wide\" id=\"muelheim\"\/>\n\n\n\n<p><strong>K\u00d6LN<br><\/strong>M\u00dcLHEIMER STADTGARTEN (Parkanlage)<\/p>\n\n\n\n<p>Zugang\/Treffpunkt: Charlierstr.\/ Ecke Bertoldistr.<\/p>\n\n\n<p><iframe src=\"https:\/\/www.google.com\/maps\/embed?pb=!1m17!1m12!1m3!1d2513.198661114999!2d7.0014753125973!3d50.95703115064155!2m3!1f0!2f0!3f0!3m2!1i1024!2i768!4f13.1!3m2!1m1!2zNTDCsDU3JzI1LjMiTiA3wrAwMCcxNC42IkU!5e0!3m2!1sde!2sde!4v1713097239022!5m2!1sde!2sde\" width=\"600\" height=\"450\" style=\"border:0;\" allowfullscreen=\"\" loading=\"lazy\" referrerpolicy=\"no-referrer-when-downgrade\"><\/iframe><\/p>\n\n\n\n<p>\u00d6PNV\/Halt: Kieler Str., K\u00f6ln-M\u00fclheim (BUS118, 159)<\/p>\n\n\n\n<p>\u00d6PNV\/Halt: Gr\u00fcnstr., K\u00f6ln-M\u00fclheim \u2014&gt; 500 m Fussweg <\/p>\n\n\n\n<p>\u00d6PNV\/Halt: K\u00f6ln-M\u00fclheim Bahnhof\u2014&gt; 700 m Fussweg <\/p>\n\n\n\n<p><br><\/p>\n\n<\/div><\/div>\n\n<div class=\"gb-grid-column gb-grid-column-380a8feb\"><div class=\"gb-container gb-container-380a8feb\">\n\n<hr class=\"wp-block-separator has-alpha-channel-opacity is-style-wide\"\/>\n\n\n\n<p id=\"stadtgarten\"><strong>K\u00d6LN<br><\/strong>Klingelp\u00fctzpark (Parkanlage)<\/p>\n\n\n\n<p>Treffpunkt: Vogteistr.\/Ecke Gereonswall&nbsp;<\/p>\n\n\n<p><iframe src=\"https:\/\/www.google.com\/maps\/embed?pb=!1m17!1m12!1m3!1d1256.861516533455!2d6.9495154568431605!3d50.947334982778244!2m3!1f0!2f0!3f0!3m2!1i1024!2i768!4f13.1!3m2!1m1!2zNTDCsDU2JzUwLjQiTiA2wrA1NycwMi45IkU!5e0!3m2!1sde!2sde!4v1713101280972!5m2!1sde!2sde\" width=\"600\" height=\"450\" style=\"border:0;\" allowfullscreen=\"\" loading=\"lazy\" referrerpolicy=\"no-referrer-when-downgrade\"><\/iframe><\/p>\n\n\n\n<p>\u00d6PNV\/Halt: Hansaring<\/p>\n\n<\/div><\/div>\n<\/div>\n\n<div class=\"gb-grid-wrapper gb-grid-wrapper-db2f05c9\">\n<div class=\"gb-grid-column gb-grid-column-bb5bd70e\"><div class=\"gb-container gb-container-bb5bd70e\">\n\n<hr class=\"wp-block-separator has-alpha-channel-opacity is-style-wide\"\/>\n\n\n\n<p id=\"stadtwald\"><strong>K\u00d6LN<br><\/strong>STADTWALD (Parkanlage)<\/p>\n\n\n\n<p>Zugang\/Treffpunkt: Brahmsstr.\/Ecke Haydnstr.<\/p>\n\n\n<p><iframe src=\"https:\/\/www.google.com\/maps\/embed?pb=!1m17!1m12!1m3!1d1257.3916938557713!2d6.896682056842937!3d50.927723883490096!2m3!1f0!2f0!3f0!3m2!1i1024!2i768!4f13.1!3m2!1m1!2zNTDCsDU1JzM5LjgiTiA2wrA1Myc1Mi43IkU!5e0!3m2!1sde!2sde!4v1713097627314!5m2!1sde!2sde\" width=\"600\" height=\"450\" style=\"border:0;\" allowfullscreen=\"\" loading=\"lazy\" referrerpolicy=\"no-referrer-when-downgrade\"><\/iframe><\/p>\n\n<\/div><\/div>\n\n<div class=\"gb-grid-column gb-grid-column-48673a6d\"><div class=\"gb-container gb-container-48673a6d\">\n\n<hr class=\"wp-block-separator has-alpha-channel-opacity is-style-wide\"\/>\n\n<\/div><\/div>\n\n<div class=\"gb-grid-column gb-grid-column-db482c87\"><div class=\"gb-container gb-container-db482c87\">\n\n<hr class=\"wp-block-separator has-alpha-channel-opacity is-style-wide\"\/>\n\n<\/div><\/div>\n<\/div>\n<\/div>\n<\/div>\n<\/div>\n<\/div>\n\n\n<p>\u00d6PNV\/Halt: Brahmstr. <\/p>\n","protected":false},"excerpt":{"rendered":"<p>\u00d6PNV\/Halt: Brahmstr.<\/p>\n","protected":false},"author":1,"featured_media":0,"comment_status":"closed","ping_status":"closed","sticky":false,"template":"","format":"standard","meta":{"footnotes":""},"categories":[6],"tags":[],"class_list":["post-419","post","type-post","status-publish","format-standard","hentry","category-cockpit"],"_links":{"self":[{"href":"https:\/\/www.gerngesehen.de\/cckpt\/index.php?rest_route=\/wp\/v2\/posts\/419","targetHints":{"allow":["GET"]}}],"collection":[{"href":"https:\/\/www.gerngesehen.de\/cckpt\/index.php?rest_route=\/wp\/v2\/posts"}],"about":[{"href":"https:\/\/www.gerngesehen.de\/cckpt\/index.php?rest_route=\/wp\/v2\/types\/post"}],"author":[{"embeddable":true,"href":"https:\/\/www.gerngesehen.de\/cckpt\/index.php?rest_route=\/wp\/v2\/users\/1"}],"replies":[{"embeddable":true,"href":"https:\/\/www.gerngesehen.de\/cckpt\/index.php?rest_route=%2Fwp%2Fv2%2Fcomments&post=419"}],"version-history":[{"count":37,"href":"https:\/\/www.gerngesehen.de\/cckpt\/index.php?rest_route=\/wp\/v2\/posts\/419\/revisions"}],"predecessor-version":[{"id":607,"href":"https:\/\/www.gerngesehen.de\/cckpt\/index.php?rest_route=\/wp\/v2\/posts\/419\/revisions\/607"}],"wp:attachment":[{"href":"https:\/\/www.gerngesehen.de\/cckpt\/index.php?rest_route=%2Fwp%2Fv2%2Fmedia&parent=419"}],"wp:term":[{"taxonomy":"category","embeddable":true,"href":"https:\/\/www.gerngesehen.de\/cckpt\/index.php?rest_route=%2Fwp%2Fv2%2Fcategories&post=419"},{"taxonomy":"post_tag","embeddable":true,"href":"https:\/\/www.gerngesehen.de\/cckpt\/index.php?rest_route=%2Fwp%2Fv2%2Ftags&post=419"}],"curies":[{"name":"wp","href":"https:\/\/api.w.org\/{rel}","templated":true}]}}