{"id":396,"date":"2024-03-15T12:27:01","date_gmt":"2024-03-15T11:27:01","guid":{"rendered":"https:\/\/www.gerngesehen.de\/cckpt\/ENG\/?p=396"},"modified":"2024-05-02T15:29:37","modified_gmt":"2024-05-02T13:29:37","slug":"1-3-4-5-mai-2024","status":"publish","type":"post","link":"https:\/\/www.gerngesehen.de\/cckpt\/?p=396","title":{"rendered":"1.\/3.\/4.\/5. Mai 2024"},"content":{"rendered":"\n<hr class=\"wp-block-separator has-alpha-channel-opacity\"\/>\n\n\n\n<div class=\"wp-block-columns is-layout-flex wp-container-core-columns-is-layout-9d6595d7 wp-block-columns-is-layout-flex\">\n<div class=\"wp-block-column is-layout-flow wp-block-column-is-layout-flow\">\n<p><strong>Tim Collins &amp; Reiko Goto<\/strong><br><strong>with Chris Malcolm<\/strong><br><strong>HAKOTO | Speaking Leaf<\/strong><br>Sound art performance<\/p>\n\n\n\n<p><br><\/p>\n<\/div>\n\n\n\n<div class=\"wp-block-column is-layout-flow wp-block-column-is-layout-flow\">\n<p>PERFORMANCE<br><br><a href=\"https:\/\/www.gerngesehen.de\/cckpt\/ENG\/?p=419\/#hofgarten\">D\u00dcSSELDORF \u2014 Hofgarten (Parkanlage)<\/a><br>1. Mai 2024 \u2022 Mittwoch \/ 11.00 h + 15.00 h<br><br><a href=\"https:\/\/www.gerngesehen.de\/cckpt\/ENG\/?p=419\/#stadtgarten\">K\u00d6LN \u2014 Klingelp\u00fctzpark (Parkanlage)<\/a><br>Treffpunkt: Vogteistr.\/Ecke Gereoanswall&nbsp;<br>3. Mai 2024 \u2022 Freitag \/ 18.00 h<\/p>\n\n\n\n<p><a href=\"https:\/\/www.gerngesehen.de\/cckpt\/ENG\/?p=419\/#muelheim\">K\u00d6LN \u2014 M\u00fclheimer Stadtgarten (Parkanlage)<\/a><br>Treffpunkt: Charlierstr.\/Ecke Bertoldistr.&nbsp;&nbsp;<br>4. Mai 2024 \u2022 Samstag \/ 11.00 h + 15.00 h<\/p>\n\n\n\n<p><a href=\"https:\/\/www.gerngesehen.de\/cckpt\/ENG\/?p=419\/#stadtwald\">K\u00d6LN \u2014 Stadtwald (Parkanlage)<\/a><br>Treffpunkt: Brahmsstr.\/Ecke Haydnstr.&nbsp;<br>5. Mai 2024 \u2022 Sonntag \/ 11.00 h + 15.00 h<\/p>\n\n\n\n<div style=\"height:100px\" aria-hidden=\"true\" class=\"wp-block-spacer\"><\/div>\n<\/div>\n<\/div>\n\n\n\n<hr class=\"wp-block-separator has-alpha-channel-opacity\"\/>\n\n\n\n<p>de<em> \u2014<\/em> Sonifizierung von Laubb\u00e4umen durch ein Paar kabellose Body-Pack-Skulpturen und Klanginstrumente, die es den K\u00fcnstlern erm\u00f6glichen, mit B\u00e4umen empathisch in Kontakt zu treten. Die technologisch hochspezialisierten Sensoren \u00fcbersetzen Echtzeitdaten von Sonnenlicht, Photosynthese, Feuchtigkeit, Temperatur und Atmung einzelner Bl\u00e4tter und wandeln diese Daten in Kl\u00e4nge um. Die Kl\u00e4nge basieren auf der japanischen Gagaku-Musikskala yo, einer pentatonischen Skala mit aufsteigenden Intervallen von zwei, drei, zwei, zwei und drei Halbt\u00f6nen zwischen den f\u00fcnf Skalent\u00f6nen. Photosynthese wird ausgedr\u00fcckt durch eine gro\u00dfe Trommel und eine Fl\u00f6te. Die Transpiration wird ausgedr\u00fcckt durch eine kleine Trommel, Streichinstrumente, einen Metallgong. Die Lichtintensit\u00e4t wird ausgedr\u00fcckt als Flattern oder Tremolo. Das von Reiko und Tim geleitete Kreativteam besteht aus einer vielf\u00e4ltigen Gruppe von Personen aus verschiedenen Bereichen, darunter K\u00fcnstler, Musiker, Hardware- und Software-Designer und ein Elektroingenieur. Tim Collins und Reiko Goto arbeiten seit 1985 zusammen an Schnittstellen von Kunst, \u00d6kologie und Gesellschaft.<\/p>\n\n\n\n<p><em>en \u2014 Sonification of foliage by a pair of wireless body-pack sculptures and sound instruments that will allow artists to engage with trees. The technology, high-specification sensors translate real-time data of sunlight, photosynthesis, moisture, temperature, and respiration of tree leavesand turn that data into sound. Sounds are based on the Japanese Gagaku musical yo scale, a pentatonic scale with ascending intervals of two, three, two, two, and three semitones between the five scale tones. Photosynthesis is&nbsp;expressed as: a large&nbsp;drum and a flute. &#8211; Transpiration is expressed as: a small drum, string instruments, a metal gong. &#8211; Light intensity is expressed as: flutter or tremolo. Led by Reiko and Tim, the creative team includes a diverse group of individuals from various fields, including artists, musicians, hardware and software designers, and an electrical engineer. Tim Collins and Reiko Goto have been working together since 1985, focused on the intersection of art, ecology, and society.<\/em><\/p>\n\n\n\n<p><a href=\"https:\/\/collinsandgoto.com\/\" target=\"_blank\" rel=\"noreferrer noopener\">www.colinsandgoto.com<\/a><\/p>\n\n\n<div class=\"gb-container gb-container-24185f3a\">\n<div class=\"gb-container gb-container-6da9c5ae\">\n\n<div class=\"wp-block-columns is-layout-flex wp-container-core-columns-is-layout-9d6595d7 wp-block-columns-is-layout-flex\">\n<div class=\"wp-block-column is-layout-flow wp-block-column-is-layout-flow\">\n<figure class=\"wp-block-video\"><video height=\"320\" style=\"aspect-ratio: 568 \/ 320;\" width=\"568\" autoplay controls loop src=\"https:\/\/www.gerngesehen.de\/cckpt\/ENG\/wp-content\/uploads\/2024\/05\/IMG_6395.mov\"><\/video><\/figure>\n<\/div>\n\n\n\n<div class=\"wp-block-column is-layout-flow wp-block-column-is-layout-flow\"><\/div>\n\n\n\n<div class=\"wp-block-column is-layout-flow wp-block-column-is-layout-flow\"><\/div>\n<\/div>\n\n<\/div>\n<\/div>\n\n\n<figure class=\"wp-block-image size-large\"><img loading=\"lazy\" decoding=\"async\" width=\"1024\" height=\"684\" src=\"https:\/\/www.gerngesehen.de\/cckpt\/ENG\/wp-content\/uploads\/2024\/03\/P1110244-Photo-Georg-Dietzler-1024x684.jpg\" alt=\"\" class=\"wp-image-401\" srcset=\"https:\/\/www.gerngesehen.de\/cckpt\/ENG\/wp-content\/uploads\/2024\/03\/P1110244-Photo-Georg-Dietzler-1024x684.jpg 1024w, https:\/\/www.gerngesehen.de\/cckpt\/ENG\/wp-content\/uploads\/2024\/03\/P1110244-Photo-Georg-Dietzler-300x200.jpg 300w, https:\/\/www.gerngesehen.de\/cckpt\/ENG\/wp-content\/uploads\/2024\/03\/P1110244-Photo-Georg-Dietzler-768x513.jpg 768w, https:\/\/www.gerngesehen.de\/cckpt\/ENG\/wp-content\/uploads\/2024\/03\/P1110244-Photo-Georg-Dietzler-1536x1026.jpg 1536w, https:\/\/www.gerngesehen.de\/cckpt\/ENG\/wp-content\/uploads\/2024\/03\/P1110244-Photo-Georg-Dietzler-2048x1368.jpg 2048w\" sizes=\"auto, (max-width: 1024px) 100vw, 1024px\" \/><figcaption class=\"wp-element-caption\">\u00a9Collins and Goto Studio<\/figcaption><\/figure>\n\n\n\n<figure class=\"wp-block-image size-large\"><img loading=\"lazy\" decoding=\"async\" width=\"1024\" height=\"683\" src=\"https:\/\/www.gerngesehen.de\/cckpt\/ENG\/wp-content\/uploads\/2024\/03\/4I5A0630-Photo-Rutger-Emmelkamp-1024x683.jpeg\" alt=\"\" class=\"wp-image-399\" srcset=\"https:\/\/www.gerngesehen.de\/cckpt\/ENG\/wp-content\/uploads\/2024\/03\/4I5A0630-Photo-Rutger-Emmelkamp-1024x683.jpeg 1024w, https:\/\/www.gerngesehen.de\/cckpt\/ENG\/wp-content\/uploads\/2024\/03\/4I5A0630-Photo-Rutger-Emmelkamp-300x200.jpeg 300w, https:\/\/www.gerngesehen.de\/cckpt\/ENG\/wp-content\/uploads\/2024\/03\/4I5A0630-Photo-Rutger-Emmelkamp-768x512.jpeg 768w, https:\/\/www.gerngesehen.de\/cckpt\/ENG\/wp-content\/uploads\/2024\/03\/4I5A0630-Photo-Rutger-Emmelkamp-1536x1024.jpeg 1536w, https:\/\/www.gerngesehen.de\/cckpt\/ENG\/wp-content\/uploads\/2024\/03\/4I5A0630-Photo-Rutger-Emmelkamp-2048x1365.jpeg 2048w\" sizes=\"auto, (max-width: 1024px) 100vw, 1024px\" \/><figcaption class=\"wp-element-caption\">\u00a9Rutger Emmelkamp<\/figcaption><\/figure>\n\n\n\n<p><\/p>\n\n\n\n<figure class=\"wp-block-image size-large\"><img loading=\"lazy\" decoding=\"async\" width=\"1024\" height=\"683\" src=\"https:\/\/www.gerngesehen.de\/cckpt\/ENG\/wp-content\/uploads\/2024\/03\/IMG_5490-Photo-Collins-and-Goto-Studio-1024x683.jpg\" alt=\"\" class=\"wp-image-400\" srcset=\"https:\/\/www.gerngesehen.de\/cckpt\/ENG\/wp-content\/uploads\/2024\/03\/IMG_5490-Photo-Collins-and-Goto-Studio-1024x683.jpg 1024w, https:\/\/www.gerngesehen.de\/cckpt\/ENG\/wp-content\/uploads\/2024\/03\/IMG_5490-Photo-Collins-and-Goto-Studio-300x200.jpg 300w, https:\/\/www.gerngesehen.de\/cckpt\/ENG\/wp-content\/uploads\/2024\/03\/IMG_5490-Photo-Collins-and-Goto-Studio-768x512.jpg 768w, https:\/\/www.gerngesehen.de\/cckpt\/ENG\/wp-content\/uploads\/2024\/03\/IMG_5490-Photo-Collins-and-Goto-Studio-1536x1024.jpg 1536w, https:\/\/www.gerngesehen.de\/cckpt\/ENG\/wp-content\/uploads\/2024\/03\/IMG_5490-Photo-Collins-and-Goto-Studio-2048x1365.jpg 2048w\" sizes=\"auto, (max-width: 1024px) 100vw, 1024px\" \/><figcaption class=\"wp-element-caption\">\u00a9Collins and Goto Studio<\/figcaption><\/figure>\n\n\n\n<p><\/p>\n\n\n\n<div style=\"height:100px\" aria-hidden=\"true\" class=\"wp-block-spacer\"><\/div>\n\n\n\n<p><a href=\"#cckpt\">\u2191 above<\/a><\/p>\n\n\n\n<hr class=\"wp-block-separator has-alpha-channel-opacity is-style-wide\"\/>\n\n\n\n<p id=\"collins\"><\/p>\n\n\n\n<p><a href=\"https:\/\/www.gerngesehen.de\/cckpt\/ENG\/?customize_changeset_uuid=5a40ce34-f7e1-47a2-a76e-3ccfabab32b5&amp;customize_theme=generatepress&amp;customize_messenger_channel=preview-11&amp;customize_autosaved=on#raketenfestival\"><\/a><\/p>\n","protected":false},"excerpt":{"rendered":"<p>Tim Collins &amp; Reiko Gotowith Chris MalcolmHAKOTO | Speaking LeafSound art performance PERFORMANCE D\u00dcSSELDORF \u2014 Hofgarten (Parkanlage)1. Mai 2024 \u2022 Mittwoch \/ 11.00 h + 15.00 h K\u00d6LN \u2014 Klingelp\u00fctzpark (Parkanlage)Treffpunkt: Vogteistr.\/Ecke Gereoanswall&nbsp;3. Mai 2024 \u2022 Freitag \/ 18.00 h K\u00d6LN \u2014 M\u00fclheimer Stadtgarten (Parkanlage)Treffpunkt: Charlierstr.\/Ecke Bertoldistr.&nbsp;&nbsp;4. Mai 2024 \u2022 Samstag \/ 11.00 h + &#8230; <a title=\"1.\/3.\/4.\/5. Mai 2024\" class=\"read-more\" href=\"https:\/\/www.gerngesehen.de\/cckpt\/?p=396\" aria-label=\"Mehr Informationen \u00fcber 1.\/3.\/4.\/5. Mai 2024\">Weiterlesen<\/a><\/p>\n","protected":false},"author":1,"featured_media":0,"comment_status":"closed","ping_status":"closed","sticky":false,"template":"","format":"standard","meta":{"footnotes":""},"categories":[4],"tags":[],"class_list":["post-396","post","type-post","status-publish","format-standard","hentry","category-performance"],"_links":{"self":[{"href":"https:\/\/www.gerngesehen.de\/cckpt\/index.php?rest_route=\/wp\/v2\/posts\/396","targetHints":{"allow":["GET"]}}],"collection":[{"href":"https:\/\/www.gerngesehen.de\/cckpt\/index.php?rest_route=\/wp\/v2\/posts"}],"about":[{"href":"https:\/\/www.gerngesehen.de\/cckpt\/index.php?rest_route=\/wp\/v2\/types\/post"}],"author":[{"embeddable":true,"href":"https:\/\/www.gerngesehen.de\/cckpt\/index.php?rest_route=\/wp\/v2\/users\/1"}],"replies":[{"embeddable":true,"href":"https:\/\/www.gerngesehen.de\/cckpt\/index.php?rest_route=%2Fwp%2Fv2%2Fcomments&post=396"}],"version-history":[{"count":12,"href":"https:\/\/www.gerngesehen.de\/cckpt\/index.php?rest_route=\/wp\/v2\/posts\/396\/revisions"}],"predecessor-version":[{"id":618,"href":"https:\/\/www.gerngesehen.de\/cckpt\/index.php?rest_route=\/wp\/v2\/posts\/396\/revisions\/618"}],"wp:attachment":[{"href":"https:\/\/www.gerngesehen.de\/cckpt\/index.php?rest_route=%2Fwp%2Fv2%2Fmedia&parent=396"}],"wp:term":[{"taxonomy":"category","embeddable":true,"href":"https:\/\/www.gerngesehen.de\/cckpt\/index.php?rest_route=%2Fwp%2Fv2%2Fcategories&post=396"},{"taxonomy":"post_tag","embeddable":true,"href":"https:\/\/www.gerngesehen.de\/cckpt\/index.php?rest_route=%2Fwp%2Fv2%2Ftags&post=396"}],"curies":[{"name":"wp","href":"https:\/\/api.w.org\/{rel}","templated":true}]}}